{"id":5485,"date":"2017-07-27T07:42:25","date_gmt":"2017-07-27T05:42:25","guid":{"rendered":"http:\/\/www.messinaoggi.it\/website\/?p=5485"},"modified":"2017-07-27T07:42:25","modified_gmt":"2017-07-27T05:42:25","slug":"fiera-la-people-on-the-move-organizzera-lagosto-messinese","status":"publish","type":"post","link":"https:\/\/www.messinaoggi.it\/website\/2017\/07\/27\/fiera-la-people-on-the-move-organizzera-lagosto-messinese\/","title":{"rendered":"Fiera, la People on the move organizzer\u00e0 l&#039;Agosto messinese"},"content":{"rendered":"<p>Sar\u00e0 ancora &#8220;People on the move&#8221;\u00a0ad organizzare l&#8217;Agosto in Fiera. La proposta della societ\u00e0 gestita da Claudio Prestopino \u00e8 stata l&#8217;unica pervenuta sul tavolo dell&#8217;Autorit\u00e0 portuale.<br \/>\nSono lontani i tempi della Fiera Campionaria, ci si dovr\u00e0 &#8220;accontentare&#8221; delle\u00a0immancabili bancarelle da mercato con un&#8217;area specifica dedicata al cibo e un&#8217;altra ai giochi fino al 20 agosto. Il giorno successivo ci sar\u00e0 un cartellone dedicato alla cultura, con eventi teatrali e musicali.<br \/>\n<span style=\"line-height: inherit;\">Intanto sono in corso i lavori di ristrutturazione\u00a0\u00a0del portale e dei due padiglioni storici, mentre le aree esterne\u00a0saranno o a disposizione dei visitatori.<\/span><div id=\"div-gpt-ad-Messinaoggi.it-DSK-300x250-corpoart\" style=\"text-align:center;margin:0 auto;\"><\/div><\/p>\n<div id=\"videoincontent\" style=\"clear:both\";><\/div>","protected":false},"excerpt":{"rendered":"<p>Sar\u00e0 ancora &#8220;People on the move&#8221;\u00a0ad organizzare l&#8217;Agosto in Fiera. La proposta della societ\u00e0 gestita da Claudio Prestopino \u00e8 stata l&#8217;unica pervenuta sul tavolo dell&#8217;Autorit\u00e0 portuale. Sono lontani i tempi della Fiera Campionaria, ci si dovr\u00e0 &#8220;accontentare&#8221; delle\u00a0immancabili bancarelle da mercato con un&#8217;area specifica dedicata al cibo e un&#8217;altra ai giochi fino al 20 agosto. [&hellip;]<\/p>\n","protected":false},"author":2,"featured_media":2435,"comment_status":"closed","ping_status":"open","sticky":false,"template":"","format":"standard","meta":{"ub_ctt_via":"","_mi_skip_tracking":false},"categories":[6],"tags":[],"featured_image_src":"https:\/\/www.messinaoggi.it\/website\/wp-content\/uploads\/2017\/06\/fiera-di-messna-2.jpg","author_info":{"display_name":"Redazione","author_link":"https:\/\/www.messinaoggi.it\/website\/author\/redazione\/"},"digistream_id":0,"digistream":false,"_links":{"self":[{"href":"https:\/\/www.messinaoggi.it\/website\/wp-json\/wp\/v2\/posts\/5485"}],"collection":[{"href":"https:\/\/www.messinaoggi.it\/website\/wp-json\/wp\/v2\/posts"}],"about":[{"href":"https:\/\/www.messinaoggi.it\/website\/wp-json\/wp\/v2\/types\/post"}],"author":[{"embeddable":true,"href":"https:\/\/www.messinaoggi.it\/website\/wp-json\/wp\/v2\/users\/2"}],"replies":[{"embeddable":true,"href":"https:\/\/www.messinaoggi.it\/website\/wp-json\/wp\/v2\/comments?post=5485"}],"version-history":[{"count":0,"href":"https:\/\/www.messinaoggi.it\/website\/wp-json\/wp\/v2\/posts\/5485\/revisions"}],"wp:featuredmedia":[{"embeddable":true,"href":"https:\/\/www.messinaoggi.it\/website\/wp-json\/wp\/v2\/media\/2435"}],"wp:attachment":[{"href":"https:\/\/www.messinaoggi.it\/website\/wp-json\/wp\/v2\/media?parent=5485"}],"wp:term":[{"taxonomy":"category","embeddable":true,"href":"https:\/\/www.messinaoggi.it\/website\/wp-json\/wp\/v2\/categories?post=5485"},{"taxonomy":"post_tag","embeddable":true,"href":"https:\/\/www.messinaoggi.it\/website\/wp-json\/wp\/v2\/tags?post=5485"}],"curies":[{"name":"wp","href":"https:\/\/api.w.org\/{rel}","templated":true}]}}