{"id":54812,"date":"2021-03-09T23:07:34","date_gmt":"2021-03-09T22:07:34","guid":{"rendered":"https:\/\/www.messinaoggi.it\/website\/2021\/03\/09\/m5s-fico-valorizza-conte-guardando-al-futuro\/"},"modified":"2021-03-10T10:05:38","modified_gmt":"2021-03-10T09:05:38","slug":"m5s-fico-valorizza-conte-guardando-al-futuro","status":"publish","type":"post","link":"https:\/\/www.messinaoggi.it\/website\/2021\/03\/09\/m5s-fico-valorizza-conte-guardando-al-futuro\/","title":{"rendered":"M5s, Fico \u201cValorizza Conte guardando al futuro\u201d"},"content":{"rendered":"<div>ROMA (ITALPRESS) &#8211; &#8220;Credo che il Movimento sia cresciuto velocemente, \u00e8 un movimento oggi complesso che guarda al futuro. Dobbiamo valorizzare le esperienze vicine a noi, come quella di Conte. Il fatto che entra Conte significa che il Movimento valorizza le persone vicine e insieme iniziare un percorso&#8221;.<br \/>\nCos\u00ec, ospite a Cartabianca su Rai3, il presidente della Camera Roberto Fico. &#8220;E&#8217; giusto che Conte vada a parlare con Grillo o con altri&#8221;, ha aggiunto. Per Fico &#8220;un Movimento che guarda avanti non pu\u00f2 essere rassegnato, non \u00e8 importante una persona o un&#8217;altra ma i temi. Pi\u00f9 persone ci saranno meglio sar\u00e0. Il Movimento sta guardando avanti verso il futuro. Noi siamo cambiati tante volte, il Movimento crede che lo stato sociale sia importante&#8221;. Il presidente della Camera ha poi osservato come &#8220;abbiamo fatto un percorso con le riunioni singole, abbiamo affrontato un voto degli iscritti e si \u00e8 arrivati alla decisione di appoggiare il Governo Draghi. Quando c&#8217;\u00e8 un percorso cos\u00ec chiaro, votare no significa mettersi da soli fuori&#8221;. In questo senso &#8220;l&#8217;appoggio al Governo Draghi da parte del Movimento non era scontato e appoggiarlo significa anche il rischio di perdere qualche punto percentuale. Il Movimento \u00e8 molto pi\u00f9 responsabile, significa un salto in avanti, crescere. Abbiamo cercato di affrontare i problemi importanti anche perdendo qualche punto&#8221;.<br \/>\n(ITALPRESS).<\/div>\n<div id=\"div-gpt-ad-Messinaoggi.it-DSK-300x250-corpoart\" style=\"text-align:center;margin:0 auto;\"><\/div><\/p><div id=\"videoincontent\" style=\"clear:both\";><\/div>","protected":false},"excerpt":{"rendered":"<p>ROMA (ITALPRESS) &#8211; &#8220;Credo che il Movimento sia cresciuto velocemente, \u00e8 un movimento oggi complesso che guarda al futuro. Dobbiamo valorizzare le esperienze vicine a noi, come quella di Conte. Il fatto che entra Conte significa che il Movimento valorizza le persone vicine e insieme iniziare un percorso&#8221;. Cos\u00ec, ospite a Cartabianca su Rai3, il [&hellip;]<\/p>\n","protected":false},"author":18,"featured_media":54813,"comment_status":"closed","ping_status":"closed","sticky":false,"template":"","format":"standard","meta":{"ub_ctt_via":"","_mi_skip_tracking":false},"categories":[446,4],"tags":[783],"featured_image_src":"https:\/\/www.messinaoggi.it\/website\/wp-content\/uploads\/2021\/03\/20210309_2660.jpg","author_info":{"display_name":"Admin","author_link":"https:\/\/www.messinaoggi.it\/website\/author\/admin\/"},"digistream_id":0,"digistream":false,"_links":{"self":[{"href":"https:\/\/www.messinaoggi.it\/website\/wp-json\/wp\/v2\/posts\/54812"}],"collection":[{"href":"https:\/\/www.messinaoggi.it\/website\/wp-json\/wp\/v2\/posts"}],"about":[{"href":"https:\/\/www.messinaoggi.it\/website\/wp-json\/wp\/v2\/types\/post"}],"author":[{"embeddable":true,"href":"https:\/\/www.messinaoggi.it\/website\/wp-json\/wp\/v2\/users\/18"}],"replies":[{"embeddable":true,"href":"https:\/\/www.messinaoggi.it\/website\/wp-json\/wp\/v2\/comments?post=54812"}],"version-history":[{"count":1,"href":"https:\/\/www.messinaoggi.it\/website\/wp-json\/wp\/v2\/posts\/54812\/revisions"}],"predecessor-version":[{"id":54824,"href":"https:\/\/www.messinaoggi.it\/website\/wp-json\/wp\/v2\/posts\/54812\/revisions\/54824"}],"wp:featuredmedia":[{"embeddable":true,"href":"https:\/\/www.messinaoggi.it\/website\/wp-json\/wp\/v2\/media\/54813"}],"wp:attachment":[{"href":"https:\/\/www.messinaoggi.it\/website\/wp-json\/wp\/v2\/media?parent=54812"}],"wp:term":[{"taxonomy":"category","embeddable":true,"href":"https:\/\/www.messinaoggi.it\/website\/wp-json\/wp\/v2\/categories?post=54812"},{"taxonomy":"post_tag","embeddable":true,"href":"https:\/\/www.messinaoggi.it\/website\/wp-json\/wp\/v2\/tags?post=54812"}],"curies":[{"name":"wp","href":"https:\/\/api.w.org\/{rel}","templated":true}]}}