{"id":54810,"date":"2021-03-09T23:07:33","date_gmt":"2021-03-09T22:07:33","guid":{"rendered":"https:\/\/www.messinaoggi.it\/website\/2021\/03\/09\/pd-bonaccini-io-candidato-alle-primarie-vedremo\/"},"modified":"2021-03-09T23:07:33","modified_gmt":"2021-03-09T22:07:33","slug":"pd-bonaccini-io-candidato-alle-primarie-vedremo","status":"publish","type":"post","link":"https:\/\/www.messinaoggi.it\/website\/2021\/03\/09\/pd-bonaccini-io-candidato-alle-primarie-vedremo\/","title":{"rendered":"Pd, Bonaccini \u201cIo candidato alle primarie? Vedremo\u201d"},"content":{"rendered":"<div>ROMA (ITALPRESS) &#8211; &#8220;Io candidato alle primarie? Quando me lo chiesero dissi di no, che dovevo pensare all&#8217;Emilia-Romagna&#8221;. <br \/>Lo ha detto Stefano Bonaccini, presidente della Regione Emilia-Romagna, ospite a Cartabianca su Rai3. &#8220;Quando ci saranno le primarie &#8211; ha aggiunto &#8211; vedremo, potr\u00e0 succedere o no, ma in questo momento agli italiani non interessa il destino di Bonaccini&#8221;. Riguardo alle dichiarazioni di Zingaretti, per il governatore &#8220;alle parole va data dignit\u00e0. Penso gli sia pesata parecchio quella affermazione. Non l&#8217;ho condivisa ma la rispetto. Non ho mai visto un ristoratore uscire per strada e dire alla gente che passa e vuole entrare &#8216;non entrate perch\u00e8 nel ristorante fa schifo mangiar\u00e8. E&#8217; una frase molto forte, certamente per\u00f2 indica un problema e una spia, non va presa sotto gamba&#8221;. Quanto al M5S &#8220;voglio essere molto netto: per me il Movimento \u00e8 un possibile alleato futuro se vogliamo battere la destra e mi permetto di dire di pi\u00f9: anche se si tratta di loro questioni interne e non mi permetto di entrarci, penso che Conte possa fare bene. Ma certamente il Partito Democratico non pu\u00f2 essere satellite di nessuno&#8221;. Per Bonaccini &#8220;oggi per trovare un segretario bisogner\u00e0 trovare un accordo tra correnti. Ci manca solo che noi proroghiamo questa crisi che agli occhi del Paese credo sbalordisca. Io non faccio nomi, perch\u00e8 mi interessa di pi\u00f9 trovare un accordo. Ma come si fa a dire che Enrico letta non sia una figura autorevole? Anche per l&#8217;immagine nazionale e internazionale che ha. Certamente sarebbe molto autorevole&#8221;.<br \/>(ITALPRESS).<\/div>\n<div id=\"div-gpt-ad-Messinaoggi.it-DSK-300x250-corpoart\" style=\"text-align:center;margin:0 auto;\"><\/div><\/p><div id=\"videoincontent\" style=\"clear:both\";><\/div>","protected":false},"excerpt":{"rendered":"<p>ROMA (ITALPRESS) &#8211; &#8220;Io candidato alle primarie? Quando me lo chiesero dissi di no, che dovevo pensare all&#8217;Emilia-Romagna&#8221;. Lo ha detto Stefano Bonaccini, presidente della Regione Emilia-Romagna, ospite a Cartabianca su Rai3. &#8220;Quando ci saranno le primarie &#8211; ha aggiunto &#8211; vedremo, potr\u00e0 succedere o no, ma in questo momento agli italiani non interessa il [&hellip;]<\/p>\n","protected":false},"author":18,"featured_media":54811,"comment_status":"closed","ping_status":"closed","sticky":false,"template":"","format":"standard","meta":{"ub_ctt_via":"","_mi_skip_tracking":false},"categories":[446],"tags":[783],"featured_image_src":"https:\/\/www.messinaoggi.it\/website\/wp-content\/uploads\/2021\/03\/20210309_2653.jpg","author_info":{"display_name":"Admin","author_link":"https:\/\/www.messinaoggi.it\/website\/author\/admin\/"},"digistream_id":0,"digistream":false,"_links":{"self":[{"href":"https:\/\/www.messinaoggi.it\/website\/wp-json\/wp\/v2\/posts\/54810"}],"collection":[{"href":"https:\/\/www.messinaoggi.it\/website\/wp-json\/wp\/v2\/posts"}],"about":[{"href":"https:\/\/www.messinaoggi.it\/website\/wp-json\/wp\/v2\/types\/post"}],"author":[{"embeddable":true,"href":"https:\/\/www.messinaoggi.it\/website\/wp-json\/wp\/v2\/users\/18"}],"replies":[{"embeddable":true,"href":"https:\/\/www.messinaoggi.it\/website\/wp-json\/wp\/v2\/comments?post=54810"}],"version-history":[{"count":0,"href":"https:\/\/www.messinaoggi.it\/website\/wp-json\/wp\/v2\/posts\/54810\/revisions"}],"wp:featuredmedia":[{"embeddable":true,"href":"https:\/\/www.messinaoggi.it\/website\/wp-json\/wp\/v2\/media\/54811"}],"wp:attachment":[{"href":"https:\/\/www.messinaoggi.it\/website\/wp-json\/wp\/v2\/media?parent=54810"}],"wp:term":[{"taxonomy":"category","embeddable":true,"href":"https:\/\/www.messinaoggi.it\/website\/wp-json\/wp\/v2\/categories?post=54810"},{"taxonomy":"post_tag","embeddable":true,"href":"https:\/\/www.messinaoggi.it\/website\/wp-json\/wp\/v2\/tags?post=54810"}],"curies":[{"name":"wp","href":"https:\/\/api.w.org\/{rel}","templated":true}]}}