{"id":54808,"date":"2021-03-09T22:07:32","date_gmt":"2021-03-09T21:07:32","guid":{"rendered":"https:\/\/www.messinaoggi.it\/website\/2021\/03\/09\/coronavirus-per-rezza-7-13-mesi-per-ritorno-a-pseudo-normalita\/"},"modified":"2021-03-10T10:05:54","modified_gmt":"2021-03-10T09:05:54","slug":"coronavirus-per-rezza-7-13-mesi-per-ritorno-a-pseudo-normalita","status":"publish","type":"post","link":"https:\/\/www.messinaoggi.it\/website\/2021\/03\/09\/coronavirus-per-rezza-7-13-mesi-per-ritorno-a-pseudo-normalita\/","title":{"rendered":"Coronavirus, per Rezza 7-13 mesi per ritorno a pseudo normalit\u00e0"},"content":{"rendered":"<div>ROMA (ITALPRESS) &#8211; Ci vorranno dai 7 ai 13 mesi prima di tornare in Italia alla normalit\u00e0, alla vita di quando il covid non era comparso provocando morti e costringendo il mondo intero a cambiare il proprio stile di vita. E&#8217; la previsione del direttore della Prevenzione del ministero della Salute, Gianni Rezza, che durante l&#8217;audizione in commissione Sanit\u00e0 al Senato sui vaccini contro il coronavirus, ha fornito un possibile scenario su quando l&#8217;Italia potrebbe tornare a una possibile parvenza di normalit\u00e0. &#8220;Se prendiamo il caso che ci potr\u00e0 essere una protezione dell&#8217;infezione e una durata di immunit\u00e0 di almeno 2-3 anni, senza nessun rilassamento sulle misure di distanziamento e vaccinando 240mila persone al giorno, riusciremo nel giro di 7-13 mesi a tornare a uno stile di vita pseudo-normale&#8221;, ha affermato. Durante l&#8217;audizione, Rezza ha assicurato sull&#8217;aumento delle dosi disponibili a partire dal secondo trimestre. &#8220;Abbiamo tre vaccini disponibili, ad aprile probabilmente arriver\u00e0 il quarto e ne avremo altri in pochi mesi. Nella seconda met\u00e0 del trimestre dovremmo essere organizzati per un&#8217;accelerazione della campagna vaccinale&#8221;, ha spiegato. Rezza ha poi rassicurato sull&#8217;efficacia dei vaccini anche contro la variante inglese, pi\u00f9 complesso il discorso per le altre varianti circolanti. &#8220;Sappiamo che i vaccini hanno un&#8217;efficacia elevata sulla variante inglese; su quella brasiliana e sudafricana c&#8217;\u00e8 una riduzione parziale dell&#8217;efficacia, ecco perch\u00e8 bisogna contenerle&#8221;. Intanto, la maggiore disponibilit\u00e0 di vaccini potrebbe influire gi\u00e0 dai prossimi giorni sul piano vaccinale. &#8220;Gioved\u00ec contiamo di andare in Conferenza Stato-Regioni con nuove raccomandazioni ad interim e che contengono una maggiore flessibilit\u00e0 del piano vaccinale&#8221;, ha concluso Rezza.<br \/>\n(ITALPRESS).<\/div>\n<div id=\"div-gpt-ad-Messinaoggi.it-DSK-300x250-corpoart\" style=\"text-align:center;margin:0 auto;\"><\/div><\/p><div id=\"videoincontent\" style=\"clear:both\";><\/div>","protected":false},"excerpt":{"rendered":"<p>ROMA (ITALPRESS) &#8211; Ci vorranno dai 7 ai 13 mesi prima di tornare in Italia alla normalit\u00e0, alla vita di quando il covid non era comparso provocando morti e costringendo il mondo intero a cambiare il proprio stile di vita. E&#8217; la previsione del direttore della Prevenzione del ministero della Salute, Gianni Rezza, che durante [&hellip;]<\/p>\n","protected":false},"author":18,"featured_media":54809,"comment_status":"closed","ping_status":"closed","sticky":false,"template":"","format":"standard","meta":{"ub_ctt_via":"","_mi_skip_tracking":false},"categories":[221,446],"tags":[783],"featured_image_src":"https:\/\/www.messinaoggi.it\/website\/wp-content\/uploads\/2021\/03\/20210309_2518.jpg","author_info":{"display_name":"Admin","author_link":"https:\/\/www.messinaoggi.it\/website\/author\/admin\/"},"digistream_id":0,"digistream":false,"_links":{"self":[{"href":"https:\/\/www.messinaoggi.it\/website\/wp-json\/wp\/v2\/posts\/54808"}],"collection":[{"href":"https:\/\/www.messinaoggi.it\/website\/wp-json\/wp\/v2\/posts"}],"about":[{"href":"https:\/\/www.messinaoggi.it\/website\/wp-json\/wp\/v2\/types\/post"}],"author":[{"embeddable":true,"href":"https:\/\/www.messinaoggi.it\/website\/wp-json\/wp\/v2\/users\/18"}],"replies":[{"embeddable":true,"href":"https:\/\/www.messinaoggi.it\/website\/wp-json\/wp\/v2\/comments?post=54808"}],"version-history":[{"count":1,"href":"https:\/\/www.messinaoggi.it\/website\/wp-json\/wp\/v2\/posts\/54808\/revisions"}],"predecessor-version":[{"id":54825,"href":"https:\/\/www.messinaoggi.it\/website\/wp-json\/wp\/v2\/posts\/54808\/revisions\/54825"}],"wp:featuredmedia":[{"embeddable":true,"href":"https:\/\/www.messinaoggi.it\/website\/wp-json\/wp\/v2\/media\/54809"}],"wp:attachment":[{"href":"https:\/\/www.messinaoggi.it\/website\/wp-json\/wp\/v2\/media?parent=54808"}],"wp:term":[{"taxonomy":"category","embeddable":true,"href":"https:\/\/www.messinaoggi.it\/website\/wp-json\/wp\/v2\/categories?post=54808"},{"taxonomy":"post_tag","embeddable":true,"href":"https:\/\/www.messinaoggi.it\/website\/wp-json\/wp\/v2\/tags?post=54808"}],"curies":[{"name":"wp","href":"https:\/\/api.w.org\/{rel}","templated":true}]}}