{"id":54803,"date":"2021-03-10T08:00:40","date_gmt":"2021-03-10T07:00:40","guid":{"rendered":"http:\/\/www.messinaoggi.it\/website\/?p=54803"},"modified":"2021-03-09T20:45:56","modified_gmt":"2021-03-09T19:45:56","slug":"meteo-si-prevede-una-giornata-variabile","status":"publish","type":"post","link":"https:\/\/www.messinaoggi.it\/website\/2021\/03\/10\/meteo-si-prevede-una-giornata-variabile\/","title":{"rendered":"Meteo, si prevede una giornata variabile"},"content":{"rendered":"\n<p>L&#8217;anticiclone termico ha costruito le tende sul bacino centrale del Mediterraneo, propiziando un lungo periodo di sostanziale stabilit\u00e0, pur senza scaldate aberranti.<div id=\"div-gpt-ad-Messinaoggi.it-DSK-300x250-corpoart\" style=\"text-align:center;margin:0 auto;\"><\/div><\/p>\n\n\n\n<p>Nelle ultime 48 h, una sostenuta tramontana ionica si \u00e8 infiltrata sullo stretto mediante una farlocca componente meridionale, con la lupa che non \u00e8 stata mai partorita proprio per l&#8217;assenza di un flusso mite so bassi strati.<div id=\"videoincontent\" style=\"clear:both\";><\/div><\/p>\n\n\n\n<p>La stabilit\u00e0 meteorologica derivante dal campo barico intatto, sta per subire 24 h di impasse per mano di deboli correnti fresche d&#8217;estrazione continentale.<\/p>\n\n\n\n<p>Come evidenzia eloquentemente Gfs, <strong>mercoled\u00ec<\/strong> 10 marzo l&#8217;anticiclone termico avr\u00e0 esaurito la sua azione protettiva, leso da una &#8220;galleria&#8221; continentalizzata che inietter\u00e0 sul Tirreno meridionale una -27 a 500 hpa.<\/p>\n\n\n\n<p>La flessione dei geopotenziali (552 dam) non sar\u00e0 abbastanza marcata da procurare una eclatante anomalia a 500 hpa, mentre ai bassi strati una +2 addurr\u00e0 una percettibile frescura anche nelle ore diurne.<\/p>\n\n\n\n<p>Con questo quadro sinottico poco indicato al bel tempo, le condizioni meteorologiche saranno spiccatamente variabili nelle ore diurne tendenti ad una marcata variabilit\u00e0 negativa serale, pi\u00f9 arcigna sul versante tirrenico.<\/p>\n\n\n\n<p>Il cielo all&#8217;irregolarmente nuvoloso al parzialmente coperto, con isolate pioviggini strettesi a carattere intermittente, senza lauti apporti precipitativi nelle ore diurne. Dalle 19 in poi, la produzione di cumuli e congesti evidenzier\u00e0 un salto di qualit\u00e0. La -27 a 500 hpa in scorrimento sul freddo Tirreno agevoler\u00e0 la genesi di una corsia di instabilit\u00e0 a tratti ben strutturata, che localmente potrebbe arrecare frequenti rovesci di pioggia, perlopi\u00f9 di moderata intensit\u00e0. In alcune localit\u00e0 costiere, i quantitativi cumulati oscilleranno dai 10 ai 20 mm, mentre la citt\u00e0 dello Stretto dovrebbe essere idratata soltanto da deboli piovaschi irregolari, inframmezzati da lunghe pause asciutte. Difficilmente si registreranno manifestazioni temporalesche da Pace verso sud (getto W).<\/p>\n\n\n\n<p><strong>Gioved\u00ec<\/strong>, il fronte freddo si sar\u00e0 portato verso levante, sovrastato dalla notevole spinta anticiclonica. I venti spireranno moderatamente dai quadranti settentrionali, con un frizzante maestrale (NW), che con refoli prossimi ai 35-40 km\/h render\u00e0 moderatamente mosso il Tirreno dalla tarda mattinata, che si presenter\u00e0 navigabile anche al largo.<\/p>\n\n\n\n<p>La temperatura \u00e8 prevista in dimensione, oscillando dai 9\u00b0 di minima ai 13-14\u00b0 di massima registrati all&#8217;ombra al livello del mare. Il tasso dell&#8217;Ur far\u00e0 segnare valori mediamente elevati compresi fra il 60 e il 90%.<\/p>\n\n\n\n<p>Le tendenze del tempo a medio termine prefigurano una seconda parte settimanale ammansita dal bel tempo azzorriano, con soleggiamento radioso e qualche isolato cirro bel week end.<\/p>\n\n\n\n<p>Ma il vortice polare potrebbe seminare i suoi pezzi, costringendoci a indossare i cappotti almeno fino al 20. Marzo \u00e8 anche questo, mai fidarsi troppo di questo mese altalenante, che sovente pu\u00f2 sfornare ondate di freddo di tutto rispetto, ma che non devono scandalizzare.<\/p>\n\n\n\n<p class=\"has-text-align-right\"><strong>Alessio Campobello<\/strong><\/p>\n","protected":false},"excerpt":{"rendered":"<p>L&#8217;anticiclone termico ha costruito le tende sul bacino centrale del Mediterraneo, propiziando un lungo periodo di sostanziale stabilit\u00e0, pur senza scaldate aberranti. Nelle ultime 48 h, una sostenuta tramontana ionica si \u00e8 infiltrata sullo stretto mediante una farlocca componente meridionale, con la lupa che non \u00e8 stata mai partorita proprio per l&#8217;assenza di un flusso [&hellip;]<\/p>\n","protected":false},"author":8,"featured_media":54804,"comment_status":"open","ping_status":"open","sticky":false,"template":"","format":"standard","meta":{"ub_ctt_via":"","_mi_skip_tracking":false},"categories":[5],"tags":[178],"featured_image_src":"https:\/\/www.messinaoggi.it\/website\/wp-content\/uploads\/2021\/03\/bf4252e8-a70d-41b9-8478-8bbd4c826a3a.jpg","author_info":{"display_name":"red..me","author_link":"https:\/\/www.messinaoggi.it\/website\/author\/redstage\/"},"digistream_id":0,"digistream":false,"_links":{"self":[{"href":"https:\/\/www.messinaoggi.it\/website\/wp-json\/wp\/v2\/posts\/54803"}],"collection":[{"href":"https:\/\/www.messinaoggi.it\/website\/wp-json\/wp\/v2\/posts"}],"about":[{"href":"https:\/\/www.messinaoggi.it\/website\/wp-json\/wp\/v2\/types\/post"}],"author":[{"embeddable":true,"href":"https:\/\/www.messinaoggi.it\/website\/wp-json\/wp\/v2\/users\/8"}],"replies":[{"embeddable":true,"href":"https:\/\/www.messinaoggi.it\/website\/wp-json\/wp\/v2\/comments?post=54803"}],"version-history":[{"count":1,"href":"https:\/\/www.messinaoggi.it\/website\/wp-json\/wp\/v2\/posts\/54803\/revisions"}],"predecessor-version":[{"id":54805,"href":"https:\/\/www.messinaoggi.it\/website\/wp-json\/wp\/v2\/posts\/54803\/revisions\/54805"}],"wp:featuredmedia":[{"embeddable":true,"href":"https:\/\/www.messinaoggi.it\/website\/wp-json\/wp\/v2\/media\/54804"}],"wp:attachment":[{"href":"https:\/\/www.messinaoggi.it\/website\/wp-json\/wp\/v2\/media?parent=54803"}],"wp:term":[{"taxonomy":"category","embeddable":true,"href":"https:\/\/www.messinaoggi.it\/website\/wp-json\/wp\/v2\/categories?post=54803"},{"taxonomy":"post_tag","embeddable":true,"href":"https:\/\/www.messinaoggi.it\/website\/wp-json\/wp\/v2\/tags?post=54803"}],"curies":[{"name":"wp","href":"https:\/\/api.w.org\/{rel}","templated":true}]}}