{"id":5479,"date":"2017-07-27T10:00:01","date_gmt":"2017-07-27T08:00:01","guid":{"rendered":"http:\/\/www.messinaoggi.it\/website\/?p=5479"},"modified":"2017-07-27T10:00:01","modified_gmt":"2017-07-27T08:00:01","slug":"toquinho-festeggia-i-50-anni-di-carriera-con-un-tour-di-dieci-spettacoli-tra-cui-capo-dorlando-unica-tappa-in-sicilia","status":"publish","type":"post","link":"https:\/\/www.messinaoggi.it\/website\/2017\/07\/27\/toquinho-festeggia-i-50-anni-di-carriera-con-un-tour-di-dieci-spettacoli-tra-cui-capo-dorlando-unica-tappa-in-sicilia\/","title":{"rendered":"Toquinho festeggia i 50 anni di carriera con un tour di dieci spettacoli, Capo d&#039;Orlando unica tappa in Sicilia"},"content":{"rendered":"<p style=\"text-align: justify;\">Cinquant\u2019anni di carriera per Toquinho,\u00a0 e per festeggiare questo grande traguardo il\u00a0 cantautore brasiliano far\u00e0 un nuovo tour di dieci concerti che mercoled\u00ec lo porter\u00e0 anche \u00a0al Porto Turistico &#8211; Marina di Capo d&#8217;Orlando, unica data in Sicilia. L\u2019evento, firmato DalVivo Entertainment, vuole essere un omaggio alla musica brasiliana e un tributo a tutti quei grandi amici che hanno accompagnato la sua carriera. I biglietti &#8211; a partire da 18 euro pi\u00f9 diritti di prevendita &#8211; sono gi\u00e0 disponibili online e in tutti i punti autorizzati dei circuiti Ticketone e Box Office Sicilia.<div id=\"div-gpt-ad-Messinaoggi.it-DSK-300x250-corpoart\" style=\"text-align:center;margin:0 auto;\"><\/div><\/p>\n<p style=\"text-align: justify;\">La \u201csaudade\u201d di Tom Jobim, che quest\u2019anno avrebbe compiuto 90 anni, e del suo grande amico e collaboratore Vin\u00edcius de Moraes, ma anche di Baden Powell, Carlos Lyra, Chico Buarque, Roberto Menescal e tanti altri, si trasformer\u00e0 sul palco in uno spettacolo di fascino assoluto.<div id=\"videoincontent\" style=\"clear:both\";><\/div><\/p>\n<p style=\"text-align: justify;\">Un concerto che toccher\u00e0 l&#8217;anima poetica della bossa nova e la magia inconfondibile degli \u201cafro sambas\u201d, ripercorrendo i brani che hanno fatto innamorare il pubblico di tutto il mondo. Milioni di appassionati portano ancora nel cuore le melodie di La voglia, la pazzia, Senza paura, Samba delle benedizioni, Samba per Vinicius, Acquarello, solo per citare alcune delle canzoni legate alla carriera del chitarrista e cantautore brasiliano.<\/p>\n<p style=\"text-align: justify;\">\u201cToco\u201d, come amava chiamarlo Vin\u00edcius De Moraes, con la sua voce calda e quel tocco delicato sulle corde della chitarra, insieme alla splendida voce della brasiliana Selma Hernandes, far\u00e0 rivivere l&#8217;espressione pi\u00f9 pura della m\u00fasica popular brasileira. Un incontro tra due musicisti di generazioni diverse che dar\u00e0 vita ad un esclusivo progetto live riservato al nostro Paese.<\/p>\n<p style=\"text-align: justify;\">\u201cConsidero l&#8217;Italia la mia seconda patria \u2013 racconta Toquinho \u2013 anche per per tutto ci\u00f2 che mi ha donato in termini di consolidamento internazionale, partendo da \u201cAcquarello&#8221; scritto con Maurizio Fabrizio e Guido Morra nel 1982. Ora per la prima volta avr\u00f2 l&#8217;onore di condividere il palco con Selma Hernandes e la sua band&#8221;.<\/p>\n<p><img loading=\"lazy\" class=\"alignnone wp-image-5481\" style=\"text-align: justify;\" src=\"http:\/\/www.messinaoggi.it\/website\/wp-content\/uploads\/2017\/07\/selma-hernandes1474-300x213.jpg\" alt=\"\" width=\"417\" height=\"296\" \/><br \/>\n <\/p>\n<p style=\"text-align: justify;\">Oltre a Toquinho (chitarra e voce) e Selma\u00a0Hernandes (voce e percussioni), sul palcoscenico ci saranno anche Cesare Pastanella (percussioni), Fabio Accardi (batteria), Fabrizio Scarafile (fiati), Poldo Sebastiani (basso) e Luigi Rana (chitarra, solo durante i momenti solisti di Selma Hernandes).<\/p>\n<p style=\"text-align: justify;\">Il tour ha preso il via lo scorso 22 luglio da Foggia e si concluder\u00e0 il 6 agosto a Sant&#8217;Elpidio a Mare. Per la data di Capo d&#8217;Orlando del 3 agosto sono previsti solo posti a sedere.<\/p>\n<p style=\"text-align: justify;\">Un evento imperdibile per ascoltare uno degli artisti che ha contribuito a scrivere le pi\u00f9 belle e intense pagine della musica pop.<\/p>\n","protected":false},"excerpt":{"rendered":"<p>Cinquant\u2019anni di carriera per Toquinho,\u00a0 e per festeggiare questo grande traguardo il\u00a0 cantautore brasiliano far\u00e0 un nuovo tour di dieci concerti che mercoled\u00ec lo porter\u00e0 anche \u00a0al Porto Turistico &#8211; Marina di Capo d&#8217;Orlando, unica data in Sicilia. L\u2019evento, firmato DalVivo Entertainment, vuole essere un omaggio alla musica brasiliana e un tributo a tutti quei [&hellip;]<\/p>\n","protected":false},"author":5,"featured_media":5480,"comment_status":"closed","ping_status":"open","sticky":false,"template":"","format":"standard","meta":{"ub_ctt_via":"","_mi_skip_tracking":false},"categories":[17],"tags":[],"featured_image_src":"https:\/\/www.messinaoggi.it\/website\/wp-content\/uploads\/2017\/07\/toquinho1473-2.jpg","author_info":{"display_name":"Maria Antonella Saia","author_link":"https:\/\/www.messinaoggi.it\/website\/author\/m-saia\/"},"digistream_id":0,"digistream":false,"_links":{"self":[{"href":"https:\/\/www.messinaoggi.it\/website\/wp-json\/wp\/v2\/posts\/5479"}],"collection":[{"href":"https:\/\/www.messinaoggi.it\/website\/wp-json\/wp\/v2\/posts"}],"about":[{"href":"https:\/\/www.messinaoggi.it\/website\/wp-json\/wp\/v2\/types\/post"}],"author":[{"embeddable":true,"href":"https:\/\/www.messinaoggi.it\/website\/wp-json\/wp\/v2\/users\/5"}],"replies":[{"embeddable":true,"href":"https:\/\/www.messinaoggi.it\/website\/wp-json\/wp\/v2\/comments?post=5479"}],"version-history":[{"count":0,"href":"https:\/\/www.messinaoggi.it\/website\/wp-json\/wp\/v2\/posts\/5479\/revisions"}],"wp:featuredmedia":[{"embeddable":true,"href":"https:\/\/www.messinaoggi.it\/website\/wp-json\/wp\/v2\/media\/5480"}],"wp:attachment":[{"href":"https:\/\/www.messinaoggi.it\/website\/wp-json\/wp\/v2\/media?parent=5479"}],"wp:term":[{"taxonomy":"category","embeddable":true,"href":"https:\/\/www.messinaoggi.it\/website\/wp-json\/wp\/v2\/categories?post=5479"},{"taxonomy":"post_tag","embeddable":true,"href":"https:\/\/www.messinaoggi.it\/website\/wp-json\/wp\/v2\/tags?post=5479"}],"curies":[{"name":"wp","href":"https:\/\/api.w.org\/{rel}","templated":true}]}}