{"id":54773,"date":"2021-03-09T17:07:49","date_gmt":"2021-03-09T16:07:49","guid":{"rendered":"https:\/\/www.messinaoggi.it\/website\/2021\/03\/09\/brunetta-presto-concorsi-pubblici-online-in-luoghi-istituzionali\/"},"modified":"2021-03-09T17:07:49","modified_gmt":"2021-03-09T16:07:49","slug":"brunetta-presto-concorsi-pubblici-online-in-luoghi-istituzionali","status":"publish","type":"post","link":"https:\/\/www.messinaoggi.it\/website\/2021\/03\/09\/brunetta-presto-concorsi-pubblici-online-in-luoghi-istituzionali\/","title":{"rendered":"Brunetta \u201cPresto concorsi pubblici online in luoghi istituzionali\u201d"},"content":{"rendered":"<div>ROMA (ITALPRESS) &#8211; &#8220;L&#8217;idea che sto perfezionando assieme a tutti i colleghi del governo \u00e8 individuare luoghi pubblici istituzionali, universit\u00e0, sedi fieristiche, altre aree dotate di strutture e piattaforme tecnologiche, dove ospitare un numero pi\u00f9 ampio di candidati per fare concorsi online in luoghi dove garantire la sicurezza e una dimensione pi\u00f9 ampia&#8221;. Cos\u00ec Renato Brunetta, ministro per la Pubblica amministrazione, in audizione alle Commissioni riunite Affari costituzionali e Lavoro di Camera e Senato, in riferimento ai concorsi. &#8220;Stiamo facendo &#8211; ha continuato Brunetta &#8211; alcune verifiche con i sindaci, che mi dicono che amerebbero questo tipo di soluzione che potrebbe partire nell&#8217;arco di qualche settimana&#8221;.<br \/>Sullo smart working &#8220;non pensiamo &#8211; ha detto &#8211; che sia il toccasana dell&#8217;organizzazione del lavoro. E&#8217; una forma ulteriore &#8211; ha aggiunto &#8211; su cui abbiamo fatto un apprendimento obbligatorio&#8221; che &#8220;non va disperso ma deve essere valorizzato&#8221;.<br \/>(ITALPRESS).<\/div>\n<div id=\"div-gpt-ad-Messinaoggi.it-DSK-300x250-corpoart\" style=\"text-align:center;margin:0 auto;\"><\/div><\/p><div id=\"videoincontent\" style=\"clear:both\";><\/div>","protected":false},"excerpt":{"rendered":"<p>ROMA (ITALPRESS) &#8211; &#8220;L&#8217;idea che sto perfezionando assieme a tutti i colleghi del governo \u00e8 individuare luoghi pubblici istituzionali, universit\u00e0, sedi fieristiche, altre aree dotate di strutture e piattaforme tecnologiche, dove ospitare un numero pi\u00f9 ampio di candidati per fare concorsi online in luoghi dove garantire la sicurezza e una dimensione pi\u00f9 ampia&#8221;. Cos\u00ec Renato [&hellip;]<\/p>\n","protected":false},"author":18,"featured_media":54774,"comment_status":"closed","ping_status":"closed","sticky":false,"template":"","format":"standard","meta":{"ub_ctt_via":"","_mi_skip_tracking":false},"categories":[446],"tags":[783],"featured_image_src":"https:\/\/www.messinaoggi.it\/website\/wp-content\/uploads\/2021\/03\/20210309_1806.jpg","author_info":{"display_name":"Admin","author_link":"https:\/\/www.messinaoggi.it\/website\/author\/admin\/"},"digistream_id":0,"digistream":false,"_links":{"self":[{"href":"https:\/\/www.messinaoggi.it\/website\/wp-json\/wp\/v2\/posts\/54773"}],"collection":[{"href":"https:\/\/www.messinaoggi.it\/website\/wp-json\/wp\/v2\/posts"}],"about":[{"href":"https:\/\/www.messinaoggi.it\/website\/wp-json\/wp\/v2\/types\/post"}],"author":[{"embeddable":true,"href":"https:\/\/www.messinaoggi.it\/website\/wp-json\/wp\/v2\/users\/18"}],"replies":[{"embeddable":true,"href":"https:\/\/www.messinaoggi.it\/website\/wp-json\/wp\/v2\/comments?post=54773"}],"version-history":[{"count":0,"href":"https:\/\/www.messinaoggi.it\/website\/wp-json\/wp\/v2\/posts\/54773\/revisions"}],"wp:featuredmedia":[{"embeddable":true,"href":"https:\/\/www.messinaoggi.it\/website\/wp-json\/wp\/v2\/media\/54774"}],"wp:attachment":[{"href":"https:\/\/www.messinaoggi.it\/website\/wp-json\/wp\/v2\/media?parent=54773"}],"wp:term":[{"taxonomy":"category","embeddable":true,"href":"https:\/\/www.messinaoggi.it\/website\/wp-json\/wp\/v2\/categories?post=54773"},{"taxonomy":"post_tag","embeddable":true,"href":"https:\/\/www.messinaoggi.it\/website\/wp-json\/wp\/v2\/tags?post=54773"}],"curies":[{"name":"wp","href":"https:\/\/api.w.org\/{rel}","templated":true}]}}