{"id":54689,"date":"2021-03-09T09:33:41","date_gmt":"2021-03-09T08:33:41","guid":{"rendered":"http:\/\/www.messinaoggi.it\/website\/?p=54689"},"modified":"2021-03-09T09:33:43","modified_gmt":"2021-03-09T08:33:43","slug":"provincia-tavolo-tecnico-per-lagenda-metropolitana-per-lo-sviluppo-sostenibile","status":"publish","type":"post","link":"https:\/\/www.messinaoggi.it\/website\/2021\/03\/09\/provincia-tavolo-tecnico-per-lagenda-metropolitana-per-lo-sviluppo-sostenibile\/","title":{"rendered":"Provincia, tavolo tecnico per l\u2019Agenda metropolitana per lo Sviluppo sostenibile"},"content":{"rendered":"\n<p>Tavolo tecnico a Palazzo dei Leoni per discutere dell\u2019Agenda metropolitana per lo Sviluppo sostenibile, lo strumento che costituir\u00e0 la cornice degli strumenti attuatori e pianificatori per lo sviluppo del territorio metropolitano, quali Fondi per lo Sviluppo e la Coesione, Recovery Plan, Piano Strategico, PUMS (Piano Urbano di Mobilit\u00e0 Sostenibile) e Masterplan. Nella giornata di ieri si \u00e8 riunita, nella sala \u201cBoris Giuliano\u201d, la segreteria tecnico-amministrativa a supporto della Cabina di regia per la redazione dell\u2019Agenda in questione.<div id=\"div-gpt-ad-Messinaoggi.it-DSK-300x250-corpoart\" style=\"text-align:center;margin:0 auto;\"><\/div><\/p>\n\n\n\n<p>Al meeting hanno preso parte: Mariangela Caponetti, segretaria generale e delegata alla firma dell\u2019Accordo, all\u2019attuazione e alla rendicontazione; Salvo Puccio, dirigente V Direzione Ambiente e pianificazione, responsabile della proposta di intervento; Carmelo Casano, referente tecnico della proposta di intervento; i referenti del Gabinetto istituzionale, della segreteria generale e delle direzioni dell&#8217;Ente.<div id=\"videoincontent\" style=\"clear:both\";><\/div><\/p>\n\n\n\n<p>Nel corso del confronto \u00e8 stato risaltato il ruolo strategico che assume l\u2019Agenda metropolitana per lo Sviluppo sostenibile. In tal senso \u00e8 stata evidenziata l&#8217;esigenza di procedere al pi\u00f9 presto nella messa on line di un sito internet dedicato al progetto che consentir\u00e0 la pubblicazione di una manifestazione d\u2019interesse rivolta alle istituzioni ed alla societ\u00e0 civile per l\u2019adesione al Forum Metropolitano per lo Sviluppo Sostenibile in modo da implementare l\u2019Agenda Metropolitana.<\/p>\n\n\n\n<p>Per dare forza alla strategia attuativa sar\u00e0 messo in campo un efficace coordinamento tra tutte le programmazioni strategiche in atto per fare in modo che gli interventi siano supportati da una logica di strategia globale e in coerenza tra loro per armonizzare le attivit\u00e0 gi\u00e0 poste in essere e prevedendo anche il coinvolgimento del territorio per uno sviluppo sostenibile.<\/p>\n\n\n\n<p>Nel corso della riunione \u00e8 stato illustrato il cronoprogramma che, a seguito delle proroghe previste nell\u2019accordo ed alla richiesta di sospensione per il periodo covid-19, dovr\u00e0 essere attuato entro il 15 aprile 2022.<\/p>\n\n\n\n<p>A conclusione della riunione sono state rese note le azioni fin qui attuate e che consistono nell\u2019istituzione della Cabina di regia, nelle riunioni del Tavolo Istituzionale e del Tavolo Tecnico, nell\u2019assegnazione del CUP \u2013 Codice Unico di Progetto &#8211; dal CIPE, nel progetto del portale web e nella pubblicazione dell\u2019avviso pubblico di manifestazione di interesse di affidamento d\u2019incarico a figura professionale in ambito dello sviluppo sostenibile.<\/p>\n","protected":false},"excerpt":{"rendered":"<p>Tavolo tecnico a Palazzo dei Leoni per discutere dell\u2019Agenda metropolitana per lo Sviluppo sostenibile, lo strumento che costituir\u00e0 la cornice degli strumenti attuatori e pianificatori per lo sviluppo del territorio metropolitano, quali Fondi per lo Sviluppo e la Coesione, Recovery Plan, Piano Strategico, PUMS (Piano Urbano di Mobilit\u00e0 Sostenibile) e Masterplan. Nella giornata di ieri [&hellip;]<\/p>\n","protected":false},"author":8,"featured_media":3976,"comment_status":"open","ping_status":"open","sticky":false,"template":"","format":"standard","meta":{"ub_ctt_via":"","_mi_skip_tracking":false},"categories":[5],"tags":[771,603],"featured_image_src":"https:\/\/www.messinaoggi.it\/website\/wp-content\/uploads\/2017\/07\/Palazzo-dei-Leoni-2.jpg","author_info":{"display_name":"red..me","author_link":"https:\/\/www.messinaoggi.it\/website\/author\/redstage\/"},"digistream_id":0,"digistream":false,"_links":{"self":[{"href":"https:\/\/www.messinaoggi.it\/website\/wp-json\/wp\/v2\/posts\/54689"}],"collection":[{"href":"https:\/\/www.messinaoggi.it\/website\/wp-json\/wp\/v2\/posts"}],"about":[{"href":"https:\/\/www.messinaoggi.it\/website\/wp-json\/wp\/v2\/types\/post"}],"author":[{"embeddable":true,"href":"https:\/\/www.messinaoggi.it\/website\/wp-json\/wp\/v2\/users\/8"}],"replies":[{"embeddable":true,"href":"https:\/\/www.messinaoggi.it\/website\/wp-json\/wp\/v2\/comments?post=54689"}],"version-history":[{"count":1,"href":"https:\/\/www.messinaoggi.it\/website\/wp-json\/wp\/v2\/posts\/54689\/revisions"}],"predecessor-version":[{"id":54692,"href":"https:\/\/www.messinaoggi.it\/website\/wp-json\/wp\/v2\/posts\/54689\/revisions\/54692"}],"wp:featuredmedia":[{"embeddable":true,"href":"https:\/\/www.messinaoggi.it\/website\/wp-json\/wp\/v2\/media\/3976"}],"wp:attachment":[{"href":"https:\/\/www.messinaoggi.it\/website\/wp-json\/wp\/v2\/media?parent=54689"}],"wp:term":[{"taxonomy":"category","embeddable":true,"href":"https:\/\/www.messinaoggi.it\/website\/wp-json\/wp\/v2\/categories?post=54689"},{"taxonomy":"post_tag","embeddable":true,"href":"https:\/\/www.messinaoggi.it\/website\/wp-json\/wp\/v2\/tags?post=54689"}],"curies":[{"name":"wp","href":"https:\/\/api.w.org\/{rel}","templated":true}]}}