{"id":54684,"date":"2021-03-09T09:22:58","date_gmt":"2021-03-09T08:22:58","guid":{"rendered":"http:\/\/www.messinaoggi.it\/website\/?p=54684"},"modified":"2021-03-09T09:39:18","modified_gmt":"2021-03-09T08:39:18","slug":"asp-la-paglia-verso-il-perdono-assessoriale","status":"publish","type":"post","link":"https:\/\/www.messinaoggi.it\/website\/2021\/03\/09\/asp-la-paglia-verso-il-perdono-assessoriale\/","title":{"rendered":"Asp: La Paglia verso il &#8220;perdono assessoriale&#8221;?"},"content":{"rendered":"\n<p>La voce circola con una certa insistenza <strong>all&#8217;Asp di Messina<\/strong>, dove \u00e8 dato per certo il ritorno in sella di <strong>Paolo La Paglia<\/strong>, sospeso dal suo incarico per la cattiva gestione dell&#8217;emergenza Covid in citt\u00e0.<div id=\"div-gpt-ad-Messinaoggi.it-DSK-300x250-corpoart\" style=\"text-align:center;margin:0 auto;\"><\/div><\/p>\n\n\n\n<p>Il manager della Sanit\u00e0 messinese, come si ricorder\u00e0, lo scorso 19 febbraio \u00e8 stato sospeso dal suo incarico dopo la pesantissima relazione della Commissione d&#8217;inchiesta spedita dall&#8217;assessore alla Salute, <strong>Ruggero Razza<\/strong>. Il decreto di sospensione \u00e8 stata la logica conseguenza delle polemiche sollevate in primis dalla Uil di Messina che, in tempi non sospetti, aveva parlato di inadeguatezza del direttore generale dell&#8217;Asp nella gestione dell&#8217;emergenza Covid, invocando la nomina di un commissario ad acta. Sul &#8220;carro&#8221; delle polemiche si \u00e8 subito fiondato il sindaco, <strong>Cateno De Luca<\/strong>, il quale ha messo in atto un&#8217;autentica crociata per inchiodare il governo regionale e, nello specifico, il governatore <strong>Nello Musumeci<\/strong>.<div id=\"videoincontent\" style=\"clear:both\";><\/div><\/p>\n\n\n\n<p>Cateno De Luca non fa mistero della sua intenzione di correre per la carica di governatore di Sicilia. Fatto sta che dopo una lunga istruttoria iniziata a dicembre, lo scorso febbraio \u00e8 arrivata la sospensione, preceduta da un vespaio di polemiche e da una <em>notizia criminis <\/em>legata ad <strong>un appalto da 10 mln di euro<\/strong>, sul quale non \u00e8 stata fatta sufficiente chiarezza.<\/p>\n\n\n\n<p>Adesso circola con una certa insistenza la voce di un possibile imminente ritorno di <strong>La Paglia<\/strong>, il quale potrebbe usufruire di una sorta di perdono assessoriale da parte di Razza, tenuto conto che la morsa dell&#8217;emergenza Covid si \u00e8 allentata e che il clima si \u00e8 rasserenato, complice anche il silenzio del sindaco <strong>Cateno De Luca<\/strong>, ritiratosi in buon ordine dopo la nota vicenda della Polizia giudiziaria parallela.<\/p>\n","protected":false},"excerpt":{"rendered":"<p>La voce circola con una certa insistenza all&#8217;Asp di Messina, dove \u00e8 dato per certo il ritorno in sella di Paolo La Paglia, sospeso dal suo incarico per la cattiva gestione dell&#8217;emergenza Covid in citt\u00e0. Il manager della Sanit\u00e0 messinese, come si ricorder\u00e0, lo scorso 19 febbraio \u00e8 stato sospeso dal suo incarico dopo la [&hellip;]<\/p>\n","protected":false},"author":2,"featured_media":50235,"comment_status":"open","ping_status":"open","sticky":false,"template":"","format":"standard","meta":{"ub_ctt_via":"","_mi_skip_tracking":false},"categories":[19],"tags":[40,767,768,585,769],"featured_image_src":"https:\/\/www.messinaoggi.it\/website\/wp-content\/uploads\/2020\/12\/BA329F0F-F6D4-47B0-B9C8-ABDB151D366E.jpeg","author_info":{"display_name":"Redazione","author_link":"https:\/\/www.messinaoggi.it\/website\/author\/redazione\/"},"digistream_id":0,"digistream":false,"_links":{"self":[{"href":"https:\/\/www.messinaoggi.it\/website\/wp-json\/wp\/v2\/posts\/54684"}],"collection":[{"href":"https:\/\/www.messinaoggi.it\/website\/wp-json\/wp\/v2\/posts"}],"about":[{"href":"https:\/\/www.messinaoggi.it\/website\/wp-json\/wp\/v2\/types\/post"}],"author":[{"embeddable":true,"href":"https:\/\/www.messinaoggi.it\/website\/wp-json\/wp\/v2\/users\/2"}],"replies":[{"embeddable":true,"href":"https:\/\/www.messinaoggi.it\/website\/wp-json\/wp\/v2\/comments?post=54684"}],"version-history":[{"count":1,"href":"https:\/\/www.messinaoggi.it\/website\/wp-json\/wp\/v2\/posts\/54684\/revisions"}],"predecessor-version":[{"id":54687,"href":"https:\/\/www.messinaoggi.it\/website\/wp-json\/wp\/v2\/posts\/54684\/revisions\/54687"}],"wp:featuredmedia":[{"embeddable":true,"href":"https:\/\/www.messinaoggi.it\/website\/wp-json\/wp\/v2\/media\/50235"}],"wp:attachment":[{"href":"https:\/\/www.messinaoggi.it\/website\/wp-json\/wp\/v2\/media?parent=54684"}],"wp:term":[{"taxonomy":"category","embeddable":true,"href":"https:\/\/www.messinaoggi.it\/website\/wp-json\/wp\/v2\/categories?post=54684"},{"taxonomy":"post_tag","embeddable":true,"href":"https:\/\/www.messinaoggi.it\/website\/wp-json\/wp\/v2\/tags?post=54684"}],"curies":[{"name":"wp","href":"https:\/\/api.w.org\/{rel}","templated":true}]}}