{"id":54649,"date":"2021-03-08T20:35:46","date_gmt":"2021-03-08T19:35:46","guid":{"rendered":"http:\/\/www.messinaoggi.it\/website\/?p=54649"},"modified":"2021-03-08T20:35:48","modified_gmt":"2021-03-08T19:35:48","slug":"vaccini-musumeci-fondamentale-accordo-con-medici-di-famiglia","status":"publish","type":"post","link":"https:\/\/www.messinaoggi.it\/website\/2021\/03\/08\/vaccini-musumeci-fondamentale-accordo-con-medici-di-famiglia\/","title":{"rendered":"Vaccini, Musumeci: \u201cFondamentale accordo con medici di famiglia\u201d"},"content":{"rendered":"\n<p>&#8220;E\u2019 un nuovo, decisivo, patto tra la Regione ed i medici di famiglia nella battaglia contro il Coronavirus\u201d. Lo ha detto il presidente della Regione Siciliana, Nello Musumeci, annunciando l\u2019accordo, appena sottoscritto, con i medici di famiglia che saranno coinvolti nella campagna vaccinale di massa anticovid sulla popolazione siciliana. L\u2019intesa \u00e8 stata siglata dai vertici dell&#8217;assessorato regionale alla Salute e dalle sigle Fimmg, Smi, Snami ed Intesa sindacale. \u201cIl ruolo dei medici di medicina generale, quello degli hub sparsi su tutto il territorio regionale, i controlli in ingresso per chi arriva in Sicilia, sono determinanti per vincere la lotta al Covid. Ma, oltre a ringraziare chi, da pi\u00f9 di un anno, \u00e8 impegnato in questa difficile emergenza, sento la necessit\u00e0 \u2013 conclude il Governatore &#8211; di richiamare ciascuno al rispetto delle regole per proseguire nel percorso che vede la nostra Isola in controtendenza rispetto a molti territori della Nazione\u201d. I professionisti che hanno aderito al protocollo saranno impiegati nei loro studi professionali, nelle guardie mediche dislocate su tutto il territorio siciliane, negli hub allestiti dalla Protezione civile regionale, e per le vaccinazioni a domicilio.<div id=\"div-gpt-ad-Messinaoggi.it-DSK-300x250-corpoart\" style=\"text-align:center;margin:0 auto;\"><\/div><\/p>\n\n\n\n<p>I medici percepiranno da un minimo di 10 euro (per le iniezioni presso il proprio ambulatorio o nei presidi di continuit\u00e0 assistenziale) fino ad un massimo di 25 euro per le inoculazioni presso le abitazioni dei pazienti impossibilitati a raggiungere autonomamente i centri vaccinali. In particolare, i medici verranno impiegati prioritariamente per le vaccinazioni dei cittadini over 80 e per le persone estremamente vulnerabili. Dopo i vaccini ai disabili gravissimi (ed i loro caregiver), in Sicilia infatti prender\u00e0 il via nei prossimi giorni la campagna di vaccinazione anche per il target dedicato alle fragilit\u00e0. L&#8217;accordo, rientra nell&#8217;ambito del protocollo sottoscritto a livello nazionale con i rappresentati della categoria.<div id=\"videoincontent\" style=\"clear:both\";><\/div><\/p>\n","protected":false},"excerpt":{"rendered":"<p>&#8220;E\u2019 un nuovo, decisivo, patto tra la Regione ed i medici di famiglia nella battaglia contro il Coronavirus\u201d. Lo ha detto il presidente della Regione Siciliana, Nello Musumeci, annunciando l\u2019accordo, appena sottoscritto, con i medici di famiglia che saranno coinvolti nella campagna vaccinale di massa anticovid sulla popolazione siciliana. L\u2019intesa \u00e8 stata siglata dai vertici [&hellip;]<\/p>\n","protected":false},"author":2,"featured_media":50739,"comment_status":"open","ping_status":"open","sticky":false,"template":"","format":"standard","meta":{"ub_ctt_via":"","_mi_skip_tracking":false},"categories":[221],"tags":[757,569],"featured_image_src":"https:\/\/www.messinaoggi.it\/website\/wp-content\/uploads\/2020\/12\/musumeci-nello.jpg","author_info":{"display_name":"Redazione","author_link":"https:\/\/www.messinaoggi.it\/website\/author\/redazione\/"},"digistream_id":0,"digistream":false,"_links":{"self":[{"href":"https:\/\/www.messinaoggi.it\/website\/wp-json\/wp\/v2\/posts\/54649"}],"collection":[{"href":"https:\/\/www.messinaoggi.it\/website\/wp-json\/wp\/v2\/posts"}],"about":[{"href":"https:\/\/www.messinaoggi.it\/website\/wp-json\/wp\/v2\/types\/post"}],"author":[{"embeddable":true,"href":"https:\/\/www.messinaoggi.it\/website\/wp-json\/wp\/v2\/users\/2"}],"replies":[{"embeddable":true,"href":"https:\/\/www.messinaoggi.it\/website\/wp-json\/wp\/v2\/comments?post=54649"}],"version-history":[{"count":1,"href":"https:\/\/www.messinaoggi.it\/website\/wp-json\/wp\/v2\/posts\/54649\/revisions"}],"predecessor-version":[{"id":54650,"href":"https:\/\/www.messinaoggi.it\/website\/wp-json\/wp\/v2\/posts\/54649\/revisions\/54650"}],"wp:featuredmedia":[{"embeddable":true,"href":"https:\/\/www.messinaoggi.it\/website\/wp-json\/wp\/v2\/media\/50739"}],"wp:attachment":[{"href":"https:\/\/www.messinaoggi.it\/website\/wp-json\/wp\/v2\/media?parent=54649"}],"wp:term":[{"taxonomy":"category","embeddable":true,"href":"https:\/\/www.messinaoggi.it\/website\/wp-json\/wp\/v2\/categories?post=54649"},{"taxonomy":"post_tag","embeddable":true,"href":"https:\/\/www.messinaoggi.it\/website\/wp-json\/wp\/v2\/tags?post=54649"}],"curies":[{"name":"wp","href":"https:\/\/api.w.org\/{rel}","templated":true}]}}