{"id":5464,"date":"2017-07-26T15:02:15","date_gmt":"2017-07-26T13:02:15","guid":{"rendered":"http:\/\/www.messinaoggi.it\/website\/?p=5464"},"modified":"2017-07-26T15:02:15","modified_gmt":"2017-07-26T13:02:15","slug":"marefestival-premiato-il-regista-messinese-eros-salonia","status":"publish","type":"post","link":"https:\/\/www.messinaoggi.it\/website\/2017\/07\/26\/marefestival-premiato-il-regista-messinese-eros-salonia\/","title":{"rendered":"Marefestival: premiato il regista messinese Eros Salonia"},"content":{"rendered":"<p style=\"text-align: justify\">Qualche giorno il regista messinese Eros Salonia \u00e8 stato premiato al Marefestival di Salina \u00a0per i suoi film che mettono al centro \u00a0sempre un impegno sociale, per aver esaltato la bellezza delle isole Eolie e di Salina e per il suo ricordo di Troisi, attore al quale \u00e8 dedicata la kermesse. Salonia \u00a0ha ricevuto\u00a0 il riconoscimento del Marefestival \u00a0anche per la sua poliedrica attivit\u00e0 artistica. Dopo vent\u2019anni di teatro, ha fondato nel 2008 a Parigi \u201cL\u2019Arlequin de l\u2019esprit\u201d che produce i suoi spettacoli e i suoi films, creando un ponte tra persone in inserimento socio-professionale, pazienti psichiatrici e professionisti del mondo artistico. Salonia \u00e8 dottore di ricerca in Drammaturgia alla Sorbona e ha pubblicato\u00a0 sulle principali riviste specializzate di teatro in Francia.<div id=\"div-gpt-ad-Messinaoggi.it-DSK-300x250-corpoart\" style=\"text-align:center;margin:0 auto;\"><\/div><\/p>\n<p style=\"text-align: justify\"><img loading=\"lazy\" class=\"alignnone wp-image-5466\" src=\"http:\/\/www.messinaoggi.it\/website\/wp-content\/uploads\/2017\/07\/20229655_1191360117677462_8912690381847303702_o-300x200.jpg\" alt=\"\" width=\"425\" height=\"283\" \/><div id=\"videoincontent\" style=\"clear:both\";><\/div><\/p>\n<p style=\"text-align: justify\">Il primo film che ha\u00a0 girato alle Eolie \u00e8 stato Bruno e il mare, un lungometraggio \u00a0di denuncia e riflessione che ha conquistato Parigi e il resto della Francia ed \u00e8 stato apprezzato al centro culturale Internazionale presieduto da Christiane Peugeot, in occasione del XIII Meeting Del Atelier Du Non Faire. Protagonista, cos\u00ec come altri attori, \u00e8 un paziente di un centro psichiatrico Camelot di Messina. Il film \u00e8 stato selezionato dalla prestigiosa Agence du court m\u00e9trage ed \u00e8 stato proiettato all\u2019Atelier Z, a Parigi. Nel film Bruno\u00a0 viene truffato da alcuni politici che lo accusano di aver rubato un quadro che in realt\u00e0 non esiste e gli impongono di ripagarlo,\u00a0 ma lui sapr\u00e0 riscattarsi e vendicarsi. Apprezzato \u00a0anche il secondo film di Salonia girato a Salina, &#8220;Scusate avete visto Massimo&#8221; che ripercorre l&#8217;esperienza di Troisi a Salina \u00a0attraverso le testimonianze dei protagonisti de \u201cIl postino\u201d, dei residenti dell\u2019isola di Salina che hanno conosciuto Troisi e di storici della Cinematografia, gli ultimi giorni dell\u2019attore durante le riprese del film. Il progetto, attraverso una sintesi attenta e documentata, focalizza l\u2019attenzione sui segni artistici, sociali, cinematografici e letterari che \u201cIl postino\u201d ha lasciato, mostrando l\u2019intima connessione tra la dimensione culturale e quella dell\u2019agire sociale.Il \u201cpoema visivo\u201d di Salonia\u00a0 si spinge poi a immaginare, con un percorso narrativo originale, il ritorno di Troisi a Salina, nelle sembianze di un ragazzo che ammira un\u2019altra volta i colori, i panorami e le tradizioni dell\u2019isola. Allo stesso tempo, prender\u00e0 coscienza di s\u00e9, del successo del film che non ha mai potuto conoscere perch\u00e9 \u00e8 morto 12 ore dopo le riprese, e della sua stessa vita. Salonia nel suo film utilizza un nuovo modo di raccontare assorbendo la sua forza dalle radici della tradizione cinematografica che per\u00f2, trasforma con punti di vista innovativi, che diventano linfa vitale di un diverso linguaggio narrativo. Ancora una volta l\u2019arte premia l\u2019arte regalando al pubblico un\u2019emozione senza fine.<\/p>\n","protected":false},"excerpt":{"rendered":"<p>Qualche giorno il regista messinese Eros Salonia \u00e8 stato premiato al Marefestival di Salina \u00a0per i suoi film che mettono al centro \u00a0sempre un impegno sociale, per aver esaltato la bellezza delle isole Eolie e di Salina e per il suo ricordo di Troisi, attore al quale \u00e8 dedicata la kermesse. Salonia \u00a0ha ricevuto\u00a0 il [&hellip;]<\/p>\n","protected":false},"author":5,"featured_media":5465,"comment_status":"closed","ping_status":"open","sticky":false,"template":"","format":"standard","meta":{"ub_ctt_via":"","_mi_skip_tracking":false},"categories":[17],"tags":[],"featured_image_src":"https:\/\/www.messinaoggi.it\/website\/wp-content\/uploads\/2017\/07\/20280252_1191360107677463_4623092286625234471_o-2.jpg","author_info":{"display_name":"Maria Antonella Saia","author_link":"https:\/\/www.messinaoggi.it\/website\/author\/m-saia\/"},"digistream_id":0,"digistream":false,"_links":{"self":[{"href":"https:\/\/www.messinaoggi.it\/website\/wp-json\/wp\/v2\/posts\/5464"}],"collection":[{"href":"https:\/\/www.messinaoggi.it\/website\/wp-json\/wp\/v2\/posts"}],"about":[{"href":"https:\/\/www.messinaoggi.it\/website\/wp-json\/wp\/v2\/types\/post"}],"author":[{"embeddable":true,"href":"https:\/\/www.messinaoggi.it\/website\/wp-json\/wp\/v2\/users\/5"}],"replies":[{"embeddable":true,"href":"https:\/\/www.messinaoggi.it\/website\/wp-json\/wp\/v2\/comments?post=5464"}],"version-history":[{"count":0,"href":"https:\/\/www.messinaoggi.it\/website\/wp-json\/wp\/v2\/posts\/5464\/revisions"}],"wp:featuredmedia":[{"embeddable":true,"href":"https:\/\/www.messinaoggi.it\/website\/wp-json\/wp\/v2\/media\/5465"}],"wp:attachment":[{"href":"https:\/\/www.messinaoggi.it\/website\/wp-json\/wp\/v2\/media?parent=5464"}],"wp:term":[{"taxonomy":"category","embeddable":true,"href":"https:\/\/www.messinaoggi.it\/website\/wp-json\/wp\/v2\/categories?post=5464"},{"taxonomy":"post_tag","embeddable":true,"href":"https:\/\/www.messinaoggi.it\/website\/wp-json\/wp\/v2\/tags?post=5464"}],"curies":[{"name":"wp","href":"https:\/\/api.w.org\/{rel}","templated":true}]}}