{"id":54620,"date":"2021-03-08T15:10:40","date_gmt":"2021-03-08T14:10:40","guid":{"rendered":"http:\/\/www.messinaoggi.it\/website\/?p=54620"},"modified":"2021-03-08T15:32:29","modified_gmt":"2021-03-08T14:32:29","slug":"hub-vaccinale-in-fiera-avanti-tutta","status":"publish","type":"post","link":"https:\/\/www.messinaoggi.it\/website\/2021\/03\/08\/hub-vaccinale-in-fiera-avanti-tutta\/","title":{"rendered":"Hub vaccinale in Fiera, avanti tutta"},"content":{"rendered":"\n<p>Ormai \u00e8 questione di ore e la lotta al Covid a Messina far\u00e0 registrare un importante passo in avanti. L&#8217;hub in Fiera permetter\u00e0 di avere anche a Messina una centralizzazione nei percorsi di vaccinazione. Questo diventa utile anche alla luce delle nuove forniture che vedranno ricevere da mercoled\u00ec in poi qualcosa come circa ottomila dosi vaccinali a settimana\u201d.<div id=\"div-gpt-ad-Messinaoggi.it-DSK-300x250-corpoart\" style=\"text-align:center;margin:0 auto;\"><\/div><\/p>\n\n\n\n<p>E&#8217; soddisfatto il commissario per l&#8217;emergenza Covid 19, Alberto Firenze. Saranno 52 le postazioni per vaccini nei due padiglioni da 1400 metri quadrati. Entro due giorni l&#8217;hub sar\u00e0 operativo e non si esclude l&#8217;inaugurazione gi\u00e0 nel pomeriggio di domani&#8221;.<div id=\"videoincontent\" style=\"clear:both\";><\/div><\/p>\n","protected":false},"excerpt":{"rendered":"<p>Ormai \u00e8 questione di ore e la lotta al Covid a Messina far\u00e0 registrare un importante passo in avanti. L&#8217;hub in Fiera permetter\u00e0 di avere anche a Messina una centralizzazione nei percorsi di vaccinazione. Questo diventa utile anche alla luce delle nuove forniture che vedranno ricevere da mercoled\u00ec in poi qualcosa come circa ottomila dosi [&hellip;]<\/p>\n","protected":false},"author":4,"featured_media":54621,"comment_status":"open","ping_status":"open","sticky":false,"template":"","format":"standard","meta":{"ub_ctt_via":"","_mi_skip_tracking":false},"categories":[221],"tags":[],"featured_image_src":"https:\/\/www.messinaoggi.it\/website\/wp-content\/uploads\/2021\/03\/IMG-20210308-WA0012.jpg","author_info":{"display_name":"redme","author_link":"https:\/\/www.messinaoggi.it\/website\/author\/redme\/"},"digistream_id":0,"digistream":false,"_links":{"self":[{"href":"https:\/\/www.messinaoggi.it\/website\/wp-json\/wp\/v2\/posts\/54620"}],"collection":[{"href":"https:\/\/www.messinaoggi.it\/website\/wp-json\/wp\/v2\/posts"}],"about":[{"href":"https:\/\/www.messinaoggi.it\/website\/wp-json\/wp\/v2\/types\/post"}],"author":[{"embeddable":true,"href":"https:\/\/www.messinaoggi.it\/website\/wp-json\/wp\/v2\/users\/4"}],"replies":[{"embeddable":true,"href":"https:\/\/www.messinaoggi.it\/website\/wp-json\/wp\/v2\/comments?post=54620"}],"version-history":[{"count":1,"href":"https:\/\/www.messinaoggi.it\/website\/wp-json\/wp\/v2\/posts\/54620\/revisions"}],"predecessor-version":[{"id":54624,"href":"https:\/\/www.messinaoggi.it\/website\/wp-json\/wp\/v2\/posts\/54620\/revisions\/54624"}],"wp:featuredmedia":[{"embeddable":true,"href":"https:\/\/www.messinaoggi.it\/website\/wp-json\/wp\/v2\/media\/54621"}],"wp:attachment":[{"href":"https:\/\/www.messinaoggi.it\/website\/wp-json\/wp\/v2\/media?parent=54620"}],"wp:term":[{"taxonomy":"category","embeddable":true,"href":"https:\/\/www.messinaoggi.it\/website\/wp-json\/wp\/v2\/categories?post=54620"},{"taxonomy":"post_tag","embeddable":true,"href":"https:\/\/www.messinaoggi.it\/website\/wp-json\/wp\/v2\/tags?post=54620"}],"curies":[{"name":"wp","href":"https:\/\/api.w.org\/{rel}","templated":true}]}}