{"id":54601,"date":"2021-03-08T12:32:58","date_gmt":"2021-03-08T11:32:58","guid":{"rendered":"http:\/\/www.messinaoggi.it\/website\/?p=54601"},"modified":"2021-03-08T13:01:20","modified_gmt":"2021-03-08T12:01:20","slug":"cc-visita-del-generale-luzi-che-ricorda-le-vittime-dellarma","status":"publish","type":"post","link":"https:\/\/www.messinaoggi.it\/website\/2021\/03\/08\/cc-visita-del-generale-luzi-che-ricorda-le-vittime-dellarma\/","title":{"rendered":"Cc, visita del gen. Luzi che ricorda le vittime dell&#8217;Arma"},"content":{"rendered":"\n<p>Il <em>Comandante generale dell\u2019Arma dei Carabinieri, <\/em>generale di Corpo d\u2019Armata Teo Luzi, ha fatto visita alla sede del Comando interregionale di Messina. Ad accoglierlo, nella suggestiva atmosfera della caserma \u201cA. Bonsignore\u201d, il Generale di Corpo d\u2019Armata <em>Gianfranco Cavallo, <\/em>Comandante dei Carabinieri di Sicilia e Calabria.<div id=\"div-gpt-ad-Messinaoggi.it-DSK-300x250-corpoart\" style=\"text-align:center;margin:0 auto;\"><\/div><\/p>\n\n\n\n<p>La cerimonia si \u00e8 svolta nella scrupolosa osservanza delle prescrizioni sanitarie volte al contenimento epidemiologico da Covid, alla presenza dei Comandanti delle Legioni di Sicilia e Calabria, di una contenuta rappresentanza dei Comandi e dei Reparti Speciali delle due regioni, del Comando Regione Forestale Calabria, nonch\u00e9 dei delegati della Rappresentanza militare e del personale in congedo dell\u2019Associazione Nazionale Carabinieri.<div id=\"videoincontent\" style=\"clear:both\";><\/div><\/p>\n\n\n\n<p>Nel corso dell\u2019incontro, il Gen. Luzi ha ringraziato le donne e gli uomini della \u201cBenemerita\u201d per l\u2019impegno profuso a garantire la sicurezza dei cittadini, specie in questo difficile momento legato all\u2019emergenza sanitaria.<\/p>\n\n\n\n<p>Nell\u2019occasione, un saluto particolare ha voluto rivolgere ai carabinieri in congedo dell\u2019Associazione nazionale carabinieri) evidenziando come gli stessi costituiscano l\u2019elemento di continuit\u00e0 tra l\u2019Arma di ieri e quella di oggi, ricordando con piacere l\u2019impegnativo periodo di comando svolto in Sicilia, quale Comandante provinciale Carabinieri di Palermo.<\/p>\n\n\n\n<p>Il Comandante Generale ha poi voluto rivolgere un commosso pensiero ai caduti dell\u2019Arma ed ai loro familiari, evidenziando come, in questo periodo particolarmente difficile per <em>l\u2019intera comunit\u00e0 Nazionale, l\u2019Arma dei Carabinieri \u00e8 ancora una volta protagonista nel garantire, insieme con sicurezza e legalit\u00e0, il rispetto delle misure a tutela della salute pubblica e soprattutto nell\u2019assistere le fasce pi\u00f9 deboli e vulnerabili della popolazione<\/em>. Proprio la vicinanza, la prossimit\u00e0, la disponibilit\u00e0 e la <em>capacit\u00e0 di ascolto<\/em>del cittadino si traducono, quotidianamente, <em>nell\u2019affidabilit\u00e0<\/em>ed <em>efficienza<\/em>dell\u2019Istituzione che <em>costituisce un punto di riferimento essenziale nel sistema della sicurezza in Italia<\/em>.<\/p>\n\n\n\n<p>Un <em>traguardo<\/em>, quello <em>dell&#8217;accrescimento dell&#8217;efficienza<\/em>, che richiede per il suo conseguimento un costante miglioramento professionale, ma anche e soprattutto una \u201c<em>piena condivisione degli obiettivi istituzionali, una forte motivazione e un severo rigore morale<\/em>\u201d. \u201c<em>Una partecipazione preziosa e oggi ancor pi\u00f9 indispensabile, consapevole che ogni Carabiniere \u00e8 protagonista dei destini dell&#8217;Arma<\/em>\u201d.<\/p>\n","protected":false},"excerpt":{"rendered":"<p>Il Comandante generale dell\u2019Arma dei Carabinieri, generale di Corpo d\u2019Armata Teo Luzi, ha fatto visita alla sede del Comando interregionale di Messina. Ad accoglierlo, nella suggestiva atmosfera della caserma \u201cA. Bonsignore\u201d, il Generale di Corpo d\u2019Armata Gianfranco Cavallo, Comandante dei Carabinieri di Sicilia e Calabria. La cerimonia si \u00e8 svolta nella scrupolosa osservanza delle prescrizioni [&hellip;]<\/p>\n","protected":false},"author":4,"featured_media":54604,"comment_status":"open","ping_status":"open","sticky":false,"template":"","format":"standard","meta":{"ub_ctt_via":"","_mi_skip_tracking":false},"categories":[5],"tags":[],"featured_image_src":"https:\/\/www.messinaoggi.it\/website\/wp-content\/uploads\/2021\/03\/carabinieri-visita-luzi.jpg","author_info":{"display_name":"redme","author_link":"https:\/\/www.messinaoggi.it\/website\/author\/redme\/"},"digistream_id":0,"digistream":false,"_links":{"self":[{"href":"https:\/\/www.messinaoggi.it\/website\/wp-json\/wp\/v2\/posts\/54601"}],"collection":[{"href":"https:\/\/www.messinaoggi.it\/website\/wp-json\/wp\/v2\/posts"}],"about":[{"href":"https:\/\/www.messinaoggi.it\/website\/wp-json\/wp\/v2\/types\/post"}],"author":[{"embeddable":true,"href":"https:\/\/www.messinaoggi.it\/website\/wp-json\/wp\/v2\/users\/4"}],"replies":[{"embeddable":true,"href":"https:\/\/www.messinaoggi.it\/website\/wp-json\/wp\/v2\/comments?post=54601"}],"version-history":[{"count":2,"href":"https:\/\/www.messinaoggi.it\/website\/wp-json\/wp\/v2\/posts\/54601\/revisions"}],"predecessor-version":[{"id":54606,"href":"https:\/\/www.messinaoggi.it\/website\/wp-json\/wp\/v2\/posts\/54601\/revisions\/54606"}],"wp:featuredmedia":[{"embeddable":true,"href":"https:\/\/www.messinaoggi.it\/website\/wp-json\/wp\/v2\/media\/54604"}],"wp:attachment":[{"href":"https:\/\/www.messinaoggi.it\/website\/wp-json\/wp\/v2\/media?parent=54601"}],"wp:term":[{"taxonomy":"category","embeddable":true,"href":"https:\/\/www.messinaoggi.it\/website\/wp-json\/wp\/v2\/categories?post=54601"},{"taxonomy":"post_tag","embeddable":true,"href":"https:\/\/www.messinaoggi.it\/website\/wp-json\/wp\/v2\/tags?post=54601"}],"curies":[{"name":"wp","href":"https:\/\/api.w.org\/{rel}","templated":true}]}}