{"id":54576,"date":"2021-03-08T10:22:07","date_gmt":"2021-03-08T09:22:07","guid":{"rendered":"http:\/\/www.messinaoggi.it\/website\/?p=54576"},"modified":"2021-03-08T18:09:38","modified_gmt":"2021-03-08T17:09:38","slug":"fiera-siracusano-restituire-laffaccio-a-mare","status":"publish","type":"post","link":"https:\/\/www.messinaoggi.it\/website\/2021\/03\/08\/fiera-siracusano-restituire-laffaccio-a-mare\/","title":{"rendered":"Fiera, Siracusano: &#8220;Restituire l&#8217;affaccio a mare&#8221;"},"content":{"rendered":"\n<p class=\"has-drop-cap has-white-color has-vivid-cyan-blue-background-color has-text-color has-background\">Sull&#8217;attuale dibattito relativo all&#8217;area della Fiera, interviene il consigliere della Camera di Commercio <strong>Paolo Siracusano<\/strong>. Un dibattito acceso che sta vedendo la partecipazione dei cittadini, in seguito alla demolizione del vecchio teatro in fiera, da anni chiuso, per far spazio alla costruzione di un nuovo teatro, sala congressi e uffici.<div id=\"div-gpt-ad-Messinaoggi.it-DSK-300x250-corpoart\" style=\"text-align:center;margin:0 auto;\"><\/div><\/p>\n\n\n\n<p>L&#8217;abbattimento del manufatto ha finalmente restituito ci\u00f2 che alla nostra Messina veramente manca, ovvero l\u2019affaccio a mare sul suo splendido panorama che \u00e9 lo stretto di Messina. <strong>Paolo Siracusano<\/strong>, imprenditore, e  consigliere Siracusano si dice vicino ai suoi concittadini che non vogliono la realizzazione del teatro in quella sede.<div id=\"videoincontent\" style=\"clear:both\";><\/div><\/p>\n\n\n\n<figure class=\"wp-block-image size-large\"><img loading=\"lazy\" width=\"1024\" height=\"768\" src=\"http:\/\/www.messinaoggi.it\/website\/wp-content\/uploads\/2021\/03\/demolizione-teatro-fiera-1024x768.jpg\" alt=\"\" class=\"wp-image-54308\" srcset=\"https:\/\/www.messinaoggi.it\/website\/wp-content\/uploads\/2021\/03\/demolizione-teatro-fiera-1024x768.jpg 1024w, https:\/\/www.messinaoggi.it\/website\/wp-content\/uploads\/2021\/03\/demolizione-teatro-fiera-300x225.jpg 300w, https:\/\/www.messinaoggi.it\/website\/wp-content\/uploads\/2021\/03\/demolizione-teatro-fiera-768x576.jpg 768w, https:\/\/www.messinaoggi.it\/website\/wp-content\/uploads\/2021\/03\/demolizione-teatro-fiera-1536x1152.jpg 1536w, https:\/\/www.messinaoggi.it\/website\/wp-content\/uploads\/2021\/03\/demolizione-teatro-fiera.jpg 1600w\" sizes=\"(max-width: 1024px) 100vw, 1024px\" \/><\/figure>\n\n\n\n<p>Infatti d\u00e0 forza alle richieste pervenute dai messinesi, ma anche da alcuni media e dice: \u201c<em>Ho sempre, come molti, sofferto la presenza di quel manufatto che insieme ad altri nell\u2019area dell\u2019ex fiera ostruiscono le bellezze naturali di Messina. In considerazione che quell\u2019area, di fatto appartiene, senza equivoco alcuno, all\u2019area urbanizzata della citt\u00e0, non \u00e9 pi\u00f9 possibile che la pianificazione del futuro utilizzo debba ritornare sotto il controllo e nella propriet\u00e0 del comune di Messina<\/em>\u201d. <\/p>\n\n\n\n<p>Siracusano aggiunge la sua idea sulla destinazione dell\u2019area: \u201c<em>Altres\u00ec non c\u2019\u00e8 alcun dubbio che quest\u2019area vada restituita alla sua antica e innata destinazione ovvero \u201cil lungomare di Messina\u201d, aperto a tutti senza delimitazione e barriere. La ricostruzione del teatro potrebbe anche avvenire ma in altra parte a debita distanza dai manufatti vincolati, in modo tale da non costituire una continuit\u00e0 di non visibilit\u00e0 del mare.<\/em> <\/p>\n\n\n\n<p>Poi aggiunge il Consigliere della Camera di Commercio: &#8220;<em>Necessario diradare i manufatti e demolire tutti i capannoni fatiscenti lasciando spazio all\u2019arredo verde. Inoltre tali luoghi potrebbero diventare la dimora ideale per la cultura e l\u2019inventiva, mi spiego, le opportune opere di arredo, per soffermarsi ad ammirare i panorami, potrebbero ispirare artisti, poeti, attori, far nascere agor\u00e0 per uomini di cultura e amanti della polis. Pu\u00f2 essere il simbolo della nuova Messina che sia attrattiva come nei tempi passati<\/em>\u201d.\u00a0<\/p>\n\n\n\n<figure class=\"wp-block-image size-large\"><img loading=\"lazy\" width=\"1772\" height=\"1181\" src=\"http:\/\/www.messinaoggi.it\/website\/wp-content\/uploads\/2017\/06\/fiera-messina_3056-2.jpg\" alt=\"\" class=\"wp-image-2467\"\/><\/figure>\n\n\n\n<p><strong>Siracusano, la Camera di commercio ha contribuito alla pianificazione del futuro dell\u2019area, anche in tema di fiera?<\/strong><\/p>\n\n\n\n<p>&#8220;<em>Da quando sono in consiglio non siamo mai stati investiti di esprimerci su tali progetti, ma ritengo alla luce della richieste dei cittadini che sarebbe opportuno che l\u2019autorit\u00e0 si confrontasse anche con la camera di commercio nel suo organo consiliare perch\u00e9 si possa suggerire eventuali altre possibilit\u00e0, per quanto riguarda la fiera, invece dico che trovo inadatto il luogo, per le riflessioni fatte prima, ma \u00e9 chiaro che la strada da percorrere per far rinascere l\u2019attivit\u00e0 fieristica a Messina la condivido. Una citt\u00e0, per stimolare la \u00a0propria economia non pu\u00f2 pi\u00f9 prescindere dal perseguire diversi ambiti di sviluppo. Una nuova fiera a Messina, pi\u00f9 moderna e pi\u00f9 fruibile di servizi, pu\u00f2 essere interessante per stimolare i pi\u00f9 svariati mercati industriali, agroalimentari, turistici e digitali. Messina si trova al centro del mediterraneo ed \u00e9 a cavallo di due continenti, in particolare l\u2019Africa ritenuto il potenziale grande mercato da aggredire. Il comune e sopratutto il sindaco deve iniziare a spingere sulle cose serie, la butto l\u00ec. Area Sanderson fiera di Messina&#8221;.<\/em><\/p>\n","protected":false},"excerpt":{"rendered":"<p>Sull&#8217;attuale dibattito relativo all&#8217;area della Fiera, interviene il consigliere della Camera di Commercio Paolo Siracusano. Un dibattito acceso che sta vedendo la partecipazione dei cittadini, in seguito alla demolizione del vecchio teatro in fiera, da anni chiuso, per far spazio alla costruzione di un nuovo teatro, sala congressi e uffici. L&#8217;abbattimento del manufatto ha finalmente [&hellip;]<\/p>\n","protected":false},"author":2,"featured_media":54571,"comment_status":"open","ping_status":"open","sticky":false,"template":"","format":"standard","meta":{"ub_ctt_via":"","_mi_skip_tracking":false},"categories":[19,4],"tags":[743,744,574,194,742],"featured_image_src":"https:\/\/www.messinaoggi.it\/website\/wp-content\/uploads\/2021\/03\/C8ED7613-E0F2-4F61-AFEA-B0E9E884F87D.jpeg","author_info":{"display_name":"Redazione","author_link":"https:\/\/www.messinaoggi.it\/website\/author\/redazione\/"},"digistream_id":0,"digistream":false,"_links":{"self":[{"href":"https:\/\/www.messinaoggi.it\/website\/wp-json\/wp\/v2\/posts\/54576"}],"collection":[{"href":"https:\/\/www.messinaoggi.it\/website\/wp-json\/wp\/v2\/posts"}],"about":[{"href":"https:\/\/www.messinaoggi.it\/website\/wp-json\/wp\/v2\/types\/post"}],"author":[{"embeddable":true,"href":"https:\/\/www.messinaoggi.it\/website\/wp-json\/wp\/v2\/users\/2"}],"replies":[{"embeddable":true,"href":"https:\/\/www.messinaoggi.it\/website\/wp-json\/wp\/v2\/comments?post=54576"}],"version-history":[{"count":2,"href":"https:\/\/www.messinaoggi.it\/website\/wp-json\/wp\/v2\/posts\/54576\/revisions"}],"predecessor-version":[{"id":54579,"href":"https:\/\/www.messinaoggi.it\/website\/wp-json\/wp\/v2\/posts\/54576\/revisions\/54579"}],"wp:featuredmedia":[{"embeddable":true,"href":"https:\/\/www.messinaoggi.it\/website\/wp-json\/wp\/v2\/media\/54571"}],"wp:attachment":[{"href":"https:\/\/www.messinaoggi.it\/website\/wp-json\/wp\/v2\/media?parent=54576"}],"wp:term":[{"taxonomy":"category","embeddable":true,"href":"https:\/\/www.messinaoggi.it\/website\/wp-json\/wp\/v2\/categories?post=54576"},{"taxonomy":"post_tag","embeddable":true,"href":"https:\/\/www.messinaoggi.it\/website\/wp-json\/wp\/v2\/tags?post=54576"}],"curies":[{"name":"wp","href":"https:\/\/api.w.org\/{rel}","templated":true}]}}