{"id":54267,"date":"2021-03-05T01:32:34","date_gmt":"2021-03-05T00:32:34","guid":{"rendered":"https:\/\/www.messinaoggi.it\/website\/2021\/03\/05\/a-sanremo-fiorello-ironizza-su-zingaretti-cantano-mihajlovic-e-ibra\/"},"modified":"2021-03-05T08:36:27","modified_gmt":"2021-03-05T07:36:27","slug":"a-sanremo-fiorello-ironizza-su-zingaretti-cantano-mihajlovic-e-ibra","status":"publish","type":"post","link":"https:\/\/www.messinaoggi.it\/website\/2021\/03\/05\/a-sanremo-fiorello-ironizza-su-zingaretti-cantano-mihajlovic-e-ibra\/","title":{"rendered":"A Sanremo Fiorello ironizza su Zingaretti, cantano Mihajlovic e Ibra"},"content":{"rendered":"<div>SANREMO (ITALPRESS) &#8211; Al Festival di Sanremo \u00e8 la serata delle cover dedicate alla canzone d&#8217;autore italiana e anche quella dell&#8217;omaggio a Lucio Dalla che avrebbe compiuto 78 anni. Ad augurare buon compleanno all&#8217;autore di \u00abPiazza grande\u00bb, in apertura della lunghissima diretta, \u00e8 stato Giuliano Sangiorgi con i Negramaro con la versione non censurata di &#8220;4 marzo 1943&#8221;, pezzo che 50 anni fa il cantautore bolognese port\u00f2 proprio a Sanremo.<br \/>Una serata che va veloce perch\u00e8 sono 26 i cantanti a salire sul palco e ognuno \u00e8 protagonista di un piccolo show. E sono pi\u00f9 d&#8217;uno gli inciampi, da quelli tecnici &#8211; con  la voce di Neffa, che accompagnava Noemi, fuori sincrono nella prima esibizione &#8211; e con il microfono di Fasma che non funziona, a quelli non previsti: Ibrahimovic bloccato dalla fila in autostrada per un incidente che arriva a Sanremo grazie al passaggio di un motociclista. Una serata in cui Fiorello, che incassa il plauso di Vasco Rossi con un messaggio vocale per &#8220;Gli scavi sopra&#8221;, si fa tagliare i baffetti da Amadeus, \u00abperch\u00e8 questa cosa che mi dicono che somiglio a D&#8217;Alema non la sopporto. Ciao D&#8217;Alema, torna George (Clooney, ndr)\u00bb. Fiorello ironizza sulle dimissioni di Nicola Zingaretti da segretario del Pd: &#8220;Non \u00e8 un buon momento per me, non \u00e8 un monologo comico, sono affranto. Sono affrantissimo, mi ero limitato a due battutine su Zingaretti. E lui si dimette, per due battutine. &#8216;Mi dimetto perch\u00e8 qui si parla di poltron\u00e8. E di cosa vuoi che si parli Zingaretti? Mi sento in colpa. C&#8217;\u00e8 il Pd, amici del Pd, senza segretario. Il ministro della cultura Franceschini diventa segretario del Pd. Un consiglio per Zingaretti, o ti candidi sindaco di Roma o fai l&#8217;opinionista dalla D&#8217;Urso&#8221;.<br \/>E&#8217; la sera di Mihajlovic che racconta la \u00abmalattia perfida arrivata all&#8217;improvviso\u00bb e canta \u00abIo vagabondo\u00bb con Fiorello Ibrahimovic. Quella di Donato Grande, bomber della nazionale azzurra di powerchair football, \u00abSono riuscito a giocare a calcio, a divertirmi e a far divertire\u00bb, che incontra e passa la palla a Zlatan Ibrahimovic e riceve in regala la sciarpa rossonera. Nella lunga serata a distinguersi sono i Maneskin che con Manuel Agnelli eseguono una potente versione di \u00abAmandoti\u00bb dei CCCP. Lo Stato Sociale porta sul palco una delegazione di lavoratori dello spettacolo, interpretando &#8220;Non \u00e8 per sempre&#8221; degli Afterhours. <br \/>(ITALPRESS)<\/div>\n<div id=\"div-gpt-ad-Messinaoggi.it-DSK-300x250-corpoart\" style=\"text-align:center;margin:0 auto;\"><\/div><\/p><div id=\"videoincontent\" style=\"clear:both\";><\/div>","protected":false},"excerpt":{"rendered":"<p>SANREMO (ITALPRESS) &#8211; Al Festival di Sanremo \u00e8 la serata delle cover dedicate alla canzone d&#8217;autore italiana e anche quella dell&#8217;omaggio a Lucio Dalla che avrebbe compiuto 78 anni. Ad augurare buon compleanno all&#8217;autore di \u00abPiazza grande\u00bb, in apertura della lunghissima diretta, \u00e8 stato Giuliano Sangiorgi con i Negramaro con la versione non censurata di [&hellip;]<\/p>\n","protected":false},"author":18,"featured_media":54268,"comment_status":"closed","ping_status":"closed","sticky":false,"template":"","format":"standard","meta":{"ub_ctt_via":"","_mi_skip_tracking":false},"categories":[446,17],"tags":[],"featured_image_src":"https:\/\/www.messinaoggi.it\/website\/wp-content\/uploads\/2021\/03\/20210305_0071.jpg","author_info":{"display_name":"Admin","author_link":"https:\/\/www.messinaoggi.it\/website\/author\/admin\/"},"digistream_id":0,"digistream":false,"_links":{"self":[{"href":"https:\/\/www.messinaoggi.it\/website\/wp-json\/wp\/v2\/posts\/54267"}],"collection":[{"href":"https:\/\/www.messinaoggi.it\/website\/wp-json\/wp\/v2\/posts"}],"about":[{"href":"https:\/\/www.messinaoggi.it\/website\/wp-json\/wp\/v2\/types\/post"}],"author":[{"embeddable":true,"href":"https:\/\/www.messinaoggi.it\/website\/wp-json\/wp\/v2\/users\/18"}],"replies":[{"embeddable":true,"href":"https:\/\/www.messinaoggi.it\/website\/wp-json\/wp\/v2\/comments?post=54267"}],"version-history":[{"count":1,"href":"https:\/\/www.messinaoggi.it\/website\/wp-json\/wp\/v2\/posts\/54267\/revisions"}],"predecessor-version":[{"id":54273,"href":"https:\/\/www.messinaoggi.it\/website\/wp-json\/wp\/v2\/posts\/54267\/revisions\/54273"}],"wp:featuredmedia":[{"embeddable":true,"href":"https:\/\/www.messinaoggi.it\/website\/wp-json\/wp\/v2\/media\/54268"}],"wp:attachment":[{"href":"https:\/\/www.messinaoggi.it\/website\/wp-json\/wp\/v2\/media?parent=54267"}],"wp:term":[{"taxonomy":"category","embeddable":true,"href":"https:\/\/www.messinaoggi.it\/website\/wp-json\/wp\/v2\/categories?post=54267"},{"taxonomy":"post_tag","embeddable":true,"href":"https:\/\/www.messinaoggi.it\/website\/wp-json\/wp\/v2\/tags?post=54267"}],"curies":[{"name":"wp","href":"https:\/\/api.w.org\/{rel}","templated":true}]}}