{"id":54069,"date":"2021-03-03T08:00:23","date_gmt":"2021-03-03T07:00:23","guid":{"rendered":"http:\/\/www.messinaoggi.it\/website\/?p=54069"},"modified":"2021-03-03T09:24:24","modified_gmt":"2021-03-03T08:24:24","slug":"meteo-condizioni-stabili-ma-non-sempre-soleggiate","status":"publish","type":"post","link":"https:\/\/www.messinaoggi.it\/website\/2021\/03\/03\/meteo-condizioni-stabili-ma-non-sempre-soleggiate\/","title":{"rendered":"Meteo, condizioni stabili ma non sempre soleggiate"},"content":{"rendered":"\n<p>Il mese di marzo ha inaugurato la primavera meteorologica, ponendo fine a un inverno fallimentare sotto tutti i punti di vista. Da diversi giorni, un vastissimo campo di alta pressione sta dilagando su gran parte sull&#8217;Europa, senza mai languire. Soltanto da luned\u00ec 1\u00b0 marzo, una sdrucitura barica presente sulla Turchia sta agevolando la parziale penetrazione di qualche alito un po\u2019 pi\u00f9 fresco, immettendo una +2 a 850 hpa.<div id=\"div-gpt-ad-Messinaoggi.it-DSK-300x250-corpoart\" style=\"text-align:center;margin:0 auto;\"><\/div><\/p>\n\n\n\n<p>Il campo di gpt si liveller\u00e0 su valori sufficientemente elevati per custodire una buona stabilit\u00e0 meteorologica, seppur con una orografica cumulogenesi peloritanica. Come evidenzia Gfs, la cavit\u00e0 sar\u00e0 troppo angolata per poter addurre aliti instabili, permettendo l&#8217;anticiclone termico di perseverare nella sua attivit\u00e0 spanciante.<div id=\"videoincontent\" style=\"clear:both\";><\/div><\/p>\n\n\n\n<p>Con questo quadro sinottico statico, le condizioni meteorologiche saranno sostanzialmente stabili, ma non perennemente soleggiate. Ampie porzioni di sereno dovrebbero predominare soprattutto lungo il versante tirrenico, mentre in alcune occasioni si potr\u00e0 scorgere una locale nuvolaglia orografica, che non riaprir\u00e0 assolutamente la pompa piovana.<\/p>\n\n\n\n<p>Anche gioved\u00ec il bel tempo sar\u00e0 a completa disposizione di tutto il messinese, eccezion fatta per qualche isolato cumulo marittimo. La temperatura \u00e8 prevista in linea con la media stagionale, oscillando dai 10\u00b0 di minima ai 14-15\u00b0 registrati all&#8217;ombra al livello del mare.<\/p>\n\n\n\n<p>I venti spireranno debolmente a regime di brezza lungo l&#8217;area strettese, increspata da un falso ostro, tecnicamente denominato vento di barriera. Il tasso dell&#8217;Ur far\u00e0 segnare valori mediamente elevati compresi fra il 50 e l 80%.<\/p>\n\n\n\n<p>Le tendenze del tempo a medio termine prefigurano che venerd\u00ec la lunga coperta anticiclonica sar\u00e0 depauperata da qualche infiltrazione umida, che favorir\u00e0 la costruzione di una sterile coltre cirrostratica.<\/p>\n\n\n\n<p>Soltanto la prossima settimana, la nostra regione potr\u00e0 essere lambita da una debole ondulazione meridiana, con qualche debole pioggia sparsa. Ma in tutta franchezza, la siccit\u00e0 \u00e8 gi\u00e0 un serio grattacapo che si procrastiner\u00e0 a lungo, generando criticit\u00e0. Non ci siamo proprio.<\/p>\n\n\n\n<p class=\"has-text-align-right\"><strong>Alessio Campobello<\/strong><\/p>\n","protected":false},"excerpt":{"rendered":"<p>Il mese di marzo ha inaugurato la primavera meteorologica, ponendo fine a un inverno fallimentare sotto tutti i punti di vista. Da diversi giorni, un vastissimo campo di alta pressione sta dilagando su gran parte sull&#8217;Europa, senza mai languire. Soltanto da luned\u00ec 1\u00b0 marzo, una sdrucitura barica presente sulla Turchia sta agevolando la parziale penetrazione [&hellip;]<\/p>\n","protected":false},"author":8,"featured_media":54072,"comment_status":"open","ping_status":"open","sticky":false,"template":"","format":"standard","meta":{"ub_ctt_via":"","_mi_skip_tracking":false},"categories":[6],"tags":[602,178],"featured_image_src":"https:\/\/www.messinaoggi.it\/website\/wp-content\/uploads\/2021\/03\/be46d65c-ac78-42a9-8318-5f114addb981.jpg","author_info":{"display_name":"red..me","author_link":"https:\/\/www.messinaoggi.it\/website\/author\/redstage\/"},"digistream_id":0,"digistream":false,"_links":{"self":[{"href":"https:\/\/www.messinaoggi.it\/website\/wp-json\/wp\/v2\/posts\/54069"}],"collection":[{"href":"https:\/\/www.messinaoggi.it\/website\/wp-json\/wp\/v2\/posts"}],"about":[{"href":"https:\/\/www.messinaoggi.it\/website\/wp-json\/wp\/v2\/types\/post"}],"author":[{"embeddable":true,"href":"https:\/\/www.messinaoggi.it\/website\/wp-json\/wp\/v2\/users\/8"}],"replies":[{"embeddable":true,"href":"https:\/\/www.messinaoggi.it\/website\/wp-json\/wp\/v2\/comments?post=54069"}],"version-history":[{"count":1,"href":"https:\/\/www.messinaoggi.it\/website\/wp-json\/wp\/v2\/posts\/54069\/revisions"}],"predecessor-version":[{"id":54073,"href":"https:\/\/www.messinaoggi.it\/website\/wp-json\/wp\/v2\/posts\/54069\/revisions\/54073"}],"wp:featuredmedia":[{"embeddable":true,"href":"https:\/\/www.messinaoggi.it\/website\/wp-json\/wp\/v2\/media\/54072"}],"wp:attachment":[{"href":"https:\/\/www.messinaoggi.it\/website\/wp-json\/wp\/v2\/media?parent=54069"}],"wp:term":[{"taxonomy":"category","embeddable":true,"href":"https:\/\/www.messinaoggi.it\/website\/wp-json\/wp\/v2\/categories?post=54069"},{"taxonomy":"post_tag","embeddable":true,"href":"https:\/\/www.messinaoggi.it\/website\/wp-json\/wp\/v2\/tags?post=54069"}],"curies":[{"name":"wp","href":"https:\/\/api.w.org\/{rel}","templated":true}]}}