{"id":54067,"date":"2021-03-02T20:04:10","date_gmt":"2021-03-02T19:04:10","guid":{"rendered":"http:\/\/www.messinaoggi.it\/website\/?p=54067"},"modified":"2021-03-02T20:04:42","modified_gmt":"2021-03-02T19:04:42","slug":"picciolo-vaccini-ai-politici-non-e-diritto-di-casta-ma-tutela-dei-cittadini","status":"publish","type":"post","link":"https:\/\/www.messinaoggi.it\/website\/2021\/03\/02\/picciolo-vaccini-ai-politici-non-e-diritto-di-casta-ma-tutela-dei-cittadini\/","title":{"rendered":"Picciolo: &#8220;Vaccini ai politici non \u00e8 diritto di casta, ma tutela dei cittadini&#8221;"},"content":{"rendered":"\n<p>Il segretario regionale di Sicilia Futura interviene sulle dichiarazioni del presidente dell\u2019Ars Gianfranco Miccich\u00e9 e conferma la tesi della necessit\u00e0 di procedere ad una vaccinazione prioritaria per chi si occupa attivamente dei bisogni dei cittadini.\u00a0<div id=\"div-gpt-ad-Messinaoggi.it-DSK-300x250-corpoart\" style=\"text-align:center;margin:0 auto;\"><\/div><\/p>\n\n\n\n<p><em>&#8220;Non \u00e8 un diritto di casta quello affermato dal presidente Miccich\u00e9\u00a0<\/em>\u2013 ha ribadito Picciolo \u2013\u00a0<em>si tratta di mettere in campo &#8211; ancora una volta &#8211; un po\u2019 di buon senso e guardare in maniera pratica ai problemi quotidiani. Tutti i politici democraticamente eletti\u00a0<\/em>\u2013 \u00e8 il ragionamento del segretario di Sicilia Futura \u2013<em>\u00a0hanno ricevuto un mandato di rappresentanza che per essere svolto ha, come compito iniziale, la raccolta delle istanze. Per far questo l\u2019interlocuzione personale con gli elettori \u00e8 basilare e deve essere svolta nel modo pi\u00f9 sicuro possibile, sia da parte di chi ascolta sia di chi ha necessit\u00e0 di esporre.<\/em><div id=\"videoincontent\" style=\"clear:both\";><\/div><\/p>\n\n\n\n<p><em>Nessuna ipocrisia\u00a0<\/em>\u2013 ha concluso Picciolo \u2013<em>\u00a0se si vuole continuare a tenere aperto il dialogo con la societ\u00e0 si dia\u00a0la giusta tutela\u00a0a chi democraticamente la rappresenta, diversamente si assecondi la caccia alle streghe e si continui a trattare la Politica come un orpello da eliminare dalla \u201cvita pubblica\u201d, un ruota da sganciare per lasciare il potere decisionale a chi ha gi\u00e0 ampiamente dimostrato, \u00e8 pi\u00f9 volte detto, che la classe Politica non serve&#8221;.<\/em><\/p>\n","protected":false},"excerpt":{"rendered":"<p>Il segretario regionale di Sicilia Futura interviene sulle dichiarazioni del presidente dell\u2019Ars Gianfranco Miccich\u00e9 e conferma la tesi della necessit\u00e0 di procedere ad una vaccinazione prioritaria per chi si occupa attivamente dei bisogni dei cittadini.\u00a0 &#8220;Non \u00e8 un diritto di casta quello affermato dal presidente Miccich\u00e9\u00a0\u2013 ha ribadito Picciolo \u2013\u00a0si tratta di mettere in campo [&hellip;]<\/p>\n","protected":false},"author":4,"featured_media":8310,"comment_status":"open","ping_status":"open","sticky":false,"template":"","format":"standard","meta":{"ub_ctt_via":"","_mi_skip_tracking":false},"categories":[4],"tags":[601,227,600,599,598,582],"featured_image_src":"https:\/\/www.messinaoggi.it\/website\/wp-content\/uploads\/2017\/09\/picciolo-RRP_7623-2.jpg","author_info":{"display_name":"redme","author_link":"https:\/\/www.messinaoggi.it\/website\/author\/redme\/"},"digistream_id":0,"digistream":false,"_links":{"self":[{"href":"https:\/\/www.messinaoggi.it\/website\/wp-json\/wp\/v2\/posts\/54067"}],"collection":[{"href":"https:\/\/www.messinaoggi.it\/website\/wp-json\/wp\/v2\/posts"}],"about":[{"href":"https:\/\/www.messinaoggi.it\/website\/wp-json\/wp\/v2\/types\/post"}],"author":[{"embeddable":true,"href":"https:\/\/www.messinaoggi.it\/website\/wp-json\/wp\/v2\/users\/4"}],"replies":[{"embeddable":true,"href":"https:\/\/www.messinaoggi.it\/website\/wp-json\/wp\/v2\/comments?post=54067"}],"version-history":[{"count":1,"href":"https:\/\/www.messinaoggi.it\/website\/wp-json\/wp\/v2\/posts\/54067\/revisions"}],"predecessor-version":[{"id":54068,"href":"https:\/\/www.messinaoggi.it\/website\/wp-json\/wp\/v2\/posts\/54067\/revisions\/54068"}],"wp:featuredmedia":[{"embeddable":true,"href":"https:\/\/www.messinaoggi.it\/website\/wp-json\/wp\/v2\/media\/8310"}],"wp:attachment":[{"href":"https:\/\/www.messinaoggi.it\/website\/wp-json\/wp\/v2\/media?parent=54067"}],"wp:term":[{"taxonomy":"category","embeddable":true,"href":"https:\/\/www.messinaoggi.it\/website\/wp-json\/wp\/v2\/categories?post=54067"},{"taxonomy":"post_tag","embeddable":true,"href":"https:\/\/www.messinaoggi.it\/website\/wp-json\/wp\/v2\/tags?post=54067"}],"curies":[{"name":"wp","href":"https:\/\/api.w.org\/{rel}","templated":true}]}}