{"id":54031,"date":"2021-03-02T14:45:55","date_gmt":"2021-03-02T13:45:55","guid":{"rendered":"http:\/\/www.messinaoggi.it\/website\/?p=54031"},"modified":"2021-03-02T15:05:26","modified_gmt":"2021-03-02T14:05:26","slug":"nomine-de-luca-grane-per-basile-e-puccio","status":"publish","type":"post","link":"https:\/\/www.messinaoggi.it\/website\/2021\/03\/02\/nomine-de-luca-grane-per-basile-e-puccio\/","title":{"rendered":"Nomine De Luca, grane per Basile e Puccio"},"content":{"rendered":"\n<p>Uno al Comune, l&#8217;altro alla Citt\u00e0 Metropolitana di Messina: le nomine di Federico Basile (direttore generale di Palazzo Zanca) e Salvo Puccio (dirigente a Palazzo dei Leoni), stanno impegnando i rispettivi segretari generali perch\u00e9 a quanto pare vi sarebbero delle anomalie, legate alla &#8220;incoferibilit\u00e0 e incompatibilit\u00e0&#8221; di entrambi.<div id=\"div-gpt-ad-Messinaoggi.it-DSK-300x250-corpoart\" style=\"text-align:center;margin:0 auto;\"><\/div><\/p>\n\n\n\n<p>Basile e Puccio, bench\u00e9 abbiano dichiarato che non vi fossero cause ostative legate all&#8217;incarico ricoperto, pare che per entrambi invece vi siano dei problemi che starebbero agitando le notti del sindaco Cateno De Luca. Al punto che lo stesso pare abbia chiesto un parere al segretario generale del Comune, la dott.ssa Rossana Carrubba, la quale per rispondere al sindaco si sarebbe precipitata a proporre un quesito all&#8217;Anac.<div id=\"videoincontent\" style=\"clear:both\";><\/div><\/p>\n\n\n\n<p>Lo stesso discorso vale per Salvo Puccio, la cui posizione sarebbe al vaglio del segretario generale Maria Angela Caponnetti. Ma quali sarebbero i problemi, fra l&#8217;altro evidenziati per Basile dal consigliere comunale, Alessandro Russo?<\/p>\n\n\n\n<p>Federico Basile avendo avuto incarichi a Palazzo Zanca, dove \u00e8 stato nominato anche esperto dal sindaco Cateno De Luca, secondo la legge non avrebbe potuto ricoprire la carica di direttore generale essendoci quindi delle cause di &#8220;inconferibilit\u00e0 ed incompatibilit\u00e0&#8221;. Nonostante ci\u00f2, il sindaco \u00e8 andato avanti per la sua strada, ma a quanto pare &#8211; stando alle voci di corridoi, pare abbia deciso di rivolgere un quesito al segretario generale. Cosa che avrebbe dovuto fare, probabilmente, prima di rendere ufficiale la nomina del nuovo direttore generale, che per rinfrescare la memoria di qualcuno, lo stesso sindaco aveva annunciato &#8220;urbi et orbi&#8221; di voler rinunciare al dg per ragioni di economicit\u00e0. <\/p>\n\n\n\n<p>Lo stesso problema vi sarebbe per Salvo Puccio che ha recentemente abbandonato il ruolo di presidente del Cda dell&#8217;Amam per andare a ricoprire il ruolo di dirigente alla Citt\u00e0 Metrpolitana di Messina. Lo stesso Puccio, bench\u00e9 nella sua dichiarazione ammette di avere avuto qualche incarico all&#8217;ex Provincia, ma questo non gli impedirebbe &#8211; a suo dire &#8211; di ricoprire il ruolo di dirigente. <\/p>\n\n\n\n<p>Lo decideranno all&#8217;Anac, dove \u00e8 approdata la spinosa questione.<\/p>\n","protected":false},"excerpt":{"rendered":"<p>Uno al Comune, l&#8217;altro alla Citt\u00e0 Metropolitana di Messina: le nomine di Federico Basile (direttore generale di Palazzo Zanca) e Salvo Puccio (dirigente a Palazzo dei Leoni), stanno impegnando i rispettivi segretari generali perch\u00e9 a quanto pare vi sarebbero delle anomalie, legate alla &#8220;incoferibilit\u00e0 e incompatibilit\u00e0&#8221; di entrambi. Basile e Puccio, bench\u00e9 abbiano dichiarato che [&hellip;]<\/p>\n","protected":false},"author":2,"featured_media":53542,"comment_status":"open","ping_status":"open","sticky":false,"template":"","format":"standard","meta":{"ub_ctt_via":"","_mi_skip_tracking":false},"categories":[19],"tags":[],"featured_image_src":"https:\/\/www.messinaoggi.it\/website\/wp-content\/uploads\/2021\/02\/1E65085D-7FBA-463C-9CC7-BEE9F869A313-e1623240121830.jpeg","author_info":{"display_name":"Redazione","author_link":"https:\/\/www.messinaoggi.it\/website\/author\/redazione\/"},"digistream_id":0,"digistream":false,"_links":{"self":[{"href":"https:\/\/www.messinaoggi.it\/website\/wp-json\/wp\/v2\/posts\/54031"}],"collection":[{"href":"https:\/\/www.messinaoggi.it\/website\/wp-json\/wp\/v2\/posts"}],"about":[{"href":"https:\/\/www.messinaoggi.it\/website\/wp-json\/wp\/v2\/types\/post"}],"author":[{"embeddable":true,"href":"https:\/\/www.messinaoggi.it\/website\/wp-json\/wp\/v2\/users\/2"}],"replies":[{"embeddable":true,"href":"https:\/\/www.messinaoggi.it\/website\/wp-json\/wp\/v2\/comments?post=54031"}],"version-history":[{"count":2,"href":"https:\/\/www.messinaoggi.it\/website\/wp-json\/wp\/v2\/posts\/54031\/revisions"}],"predecessor-version":[{"id":54038,"href":"https:\/\/www.messinaoggi.it\/website\/wp-json\/wp\/v2\/posts\/54031\/revisions\/54038"}],"wp:featuredmedia":[{"embeddable":true,"href":"https:\/\/www.messinaoggi.it\/website\/wp-json\/wp\/v2\/media\/53542"}],"wp:attachment":[{"href":"https:\/\/www.messinaoggi.it\/website\/wp-json\/wp\/v2\/media?parent=54031"}],"wp:term":[{"taxonomy":"category","embeddable":true,"href":"https:\/\/www.messinaoggi.it\/website\/wp-json\/wp\/v2\/categories?post=54031"},{"taxonomy":"post_tag","embeddable":true,"href":"https:\/\/www.messinaoggi.it\/website\/wp-json\/wp\/v2\/tags?post=54031"}],"curies":[{"name":"wp","href":"https:\/\/api.w.org\/{rel}","templated":true}]}}