{"id":54020,"date":"2021-03-02T12:56:51","date_gmt":"2021-03-02T11:56:51","guid":{"rendered":"http:\/\/www.messinaoggi.it\/website\/?p=54020"},"modified":"2021-03-03T14:48:48","modified_gmt":"2021-03-03T13:48:48","slug":"scuola-sindacati-a-musumeci-incrementi-didattica-in-presenza","status":"publish","type":"post","link":"https:\/\/www.messinaoggi.it\/website\/2021\/03\/02\/scuola-sindacati-a-musumeci-incrementi-didattica-in-presenza\/","title":{"rendered":"Scuola, sindacati a Musumeci: &#8220;Incrementi subito la didattica in presenza&#8221;"},"content":{"rendered":"\n<p>&#8220;Musumeci riconsideri l\u2019aumento della didattica in presenza al 75% nelle scuole secondarie di secondo grado. \u00c8 evidente a tutti che non ci sono le condizioni per procedere in questa direzione&#8221;: lo sostengono Adriano Rizza, segretario della Flc Cgil Sicilia e Claudio Parasporo, segretario della Uil Scuola Sicilia.<div id=\"div-gpt-ad-Messinaoggi.it-DSK-300x250-corpoart\" style=\"text-align:center;margin:0 auto;\"><\/div><\/p>\n\n\n\n<p>\u201cNon sarebbe da escludere invece \u2013 aggiungono \u2013 un incremento della didattica a distanza o della didattica digitale integrata anche negli altri ordini di scuola, evitando cos\u00ec di esporre al rischio di contagio da covid il personale e gli studenti\u201d.<div id=\"videoincontent\" style=\"clear:both\";><\/div><\/p>\n\n\n\n<p>\u201cBasta prendere atto \u2013 argomentano Rizza e Parasporo \u2013 degli ultimi dati diffusi dal Ministero della Salute: aumento dell\u2019indice di positivit\u00e0 al 7,7% (dato in assoluto pi\u00f9 alto nelle ultime settimane); aumento dei ricoverati in terapia intensiva, +58 casi, per un totale di 2.289; aumento dei ricoverati con sintomi, +474.<\/p>\n\n\n\n<p>Per non parlare \u2013 continuano \u2013 del perdurare dei problemi legati alla vaccinazione dei soggetti fragili, al sistema dei trasporti nella nostra regione e alle famose mascherine Ffp2 che, lo ribadiamo ancora con forza e vigore, sono indispensabili per il personale delle scuole dell\u2019infanzia e per tutti i docenti di sostegno di ogni ordine e grado.<\/p>\n\n\n\n<p>Inoltre bisogna considerare che, secondo le ultime evidenze scientifiche \u2013 spiegano Rizza e Parasporo \u2013 proprio gli studenti delle superiori sono i pi\u00f9 colpiti dalla variante inglese e che la campagna di vaccinazione del personale scolastico produrr\u00e0 effetti solo fra alcune settimane. Lo stesso ministro Speranza, nelle ultime ore, ha invitato alla prudenza in vista del picco di questa ulteriore ondata previsto per la fine di marzo.<\/p>\n\n\n\n<p>Modificare in questa fase l\u2019assetto organizzativo e didattico nelle scuole siciliane \u2013 proseguono \u2013 \u00e8 per noi un elemento di forte criticit\u00e0 e non produrr\u00e0 nessun effetto positivo. Invitiamo, pertanto, il governo regionale siciliano a riconsiderare la scelta effettuata con la nota del 24 febbraio, nell\u2019interesse di tutto il personale scolastico, degli studenti e delle rispettive famiglie.<\/p>\n\n\n\n<p>\u201cS\u00ec alla didattica in presenza \u2013 concludono Rizza e Parasporo \u2013 ma solo quando le condizioni saranno tali da garantire la sicurezza nelle scuole&#8221;.<\/p>\n","protected":false},"excerpt":{"rendered":"<p>&#8220;Musumeci riconsideri l\u2019aumento della didattica in presenza al 75% nelle scuole secondarie di secondo grado. \u00c8 evidente a tutti che non ci sono le condizioni per procedere in questa direzione&#8221;: lo sostengono Adriano Rizza, segretario della Flc Cgil Sicilia e Claudio Parasporo, segretario della Uil Scuola Sicilia. \u201cNon sarebbe da escludere invece \u2013 aggiungono \u2013 [&hellip;]<\/p>\n","protected":false},"author":4,"featured_media":47523,"comment_status":"open","ping_status":"open","sticky":false,"template":"","format":"standard","meta":{"ub_ctt_via":"","_mi_skip_tracking":false},"categories":[7],"tags":[588,589,590,591,593,586,587,592],"featured_image_src":"https:\/\/www.messinaoggi.it\/website\/wp-content\/uploads\/2020\/09\/0E690BB1-C6B1-4ABE-9420-2007A28A277D.jpeg","author_info":{"display_name":"redme","author_link":"https:\/\/www.messinaoggi.it\/website\/author\/redme\/"},"digistream_id":0,"digistream":false,"_links":{"self":[{"href":"https:\/\/www.messinaoggi.it\/website\/wp-json\/wp\/v2\/posts\/54020"}],"collection":[{"href":"https:\/\/www.messinaoggi.it\/website\/wp-json\/wp\/v2\/posts"}],"about":[{"href":"https:\/\/www.messinaoggi.it\/website\/wp-json\/wp\/v2\/types\/post"}],"author":[{"embeddable":true,"href":"https:\/\/www.messinaoggi.it\/website\/wp-json\/wp\/v2\/users\/4"}],"replies":[{"embeddable":true,"href":"https:\/\/www.messinaoggi.it\/website\/wp-json\/wp\/v2\/comments?post=54020"}],"version-history":[{"count":2,"href":"https:\/\/www.messinaoggi.it\/website\/wp-json\/wp\/v2\/posts\/54020\/revisions"}],"predecessor-version":[{"id":54140,"href":"https:\/\/www.messinaoggi.it\/website\/wp-json\/wp\/v2\/posts\/54020\/revisions\/54140"}],"wp:featuredmedia":[{"embeddable":true,"href":"https:\/\/www.messinaoggi.it\/website\/wp-json\/wp\/v2\/media\/47523"}],"wp:attachment":[{"href":"https:\/\/www.messinaoggi.it\/website\/wp-json\/wp\/v2\/media?parent=54020"}],"wp:term":[{"taxonomy":"category","embeddable":true,"href":"https:\/\/www.messinaoggi.it\/website\/wp-json\/wp\/v2\/categories?post=54020"},{"taxonomy":"post_tag","embeddable":true,"href":"https:\/\/www.messinaoggi.it\/website\/wp-json\/wp\/v2\/tags?post=54020"}],"curies":[{"name":"wp","href":"https:\/\/api.w.org\/{rel}","templated":true}]}}