{"id":53933,"date":"2021-03-01T17:47:00","date_gmt":"2021-03-01T16:47:00","guid":{"rendered":"http:\/\/www.messinaoggi.it\/website\/?p=53933"},"modified":"2021-03-02T09:01:32","modified_gmt":"2021-03-02T08:01:32","slug":"laccoto-intensificare-la-campagna-vaccinale-e-coinvolgere-medici-di-famiglia","status":"publish","type":"post","link":"https:\/\/www.messinaoggi.it\/website\/2021\/03\/01\/laccoto-intensificare-la-campagna-vaccinale-e-coinvolgere-medici-di-famiglia\/","title":{"rendered":"Laccoto: &#8220;Intensificare la campagna vaccinale e coinvolgere medici di famiglia&#8221;"},"content":{"rendered":"\n<p>&#8220;Intensificare la campagna vaccinale coinvolgendo i medici di famiglia e allestendo centri vaccinali nei comuni riferimento dei comprensori&#8221;: sono le proposte del deputato regionale Giuseppe Laccoto che ha presentato un&#8217;interrogazione al presidente della Regione e all\u2019assessore per la Salute.<div id=\"div-gpt-ad-Messinaoggi.it-DSK-300x250-corpoart\" style=\"text-align:center;margin:0 auto;\"><\/div><\/p>\n\n\n\n<p>&#8220;Bisogna programmare e organizzarsi per tempo: dobbiamo farci trovare pronti quando le forniture dei vaccini arriveranno a regime \u2013 commenta Laccoto \u2013 ed \u00e8 questo il momento di intervenire. La Regione siciliana \u00e8 una delle poche in Italia a non aver ancora siglato l\u2019accordo con i medici di medicina generale che darebbero un contributo fondamentale nell\u2019accelerazione della campagna vaccinando i propri assistiti. Mi risulta, poi, che diversi Comuni e attivit\u00e0 imprenditoriali private hanno dato disponibilit\u00e0 di locali e spazi da allestire per ospitare centri vaccinali: \u00e8 una occasione da sfruttare nell\u2019ottica di rispettare l\u2019obiettivo annunciato dalla Regione di vaccinare la maggioranza della popolazione siciliana entro l\u2019estate&#8221;.<div id=\"videoincontent\" style=\"clear:both\";><\/div><\/p>\n\n\n\n<p>Laccoto chiede poi di &#8220;avviare una campagna di comunicazione a carattere regionale per sensibilizzare la popolazione sull\u2019importanza della vaccinazione: \u00e8 un messaggio fondamentale, bisogna raggiungere e convincere tutte le categorie sociali. Bisogna fare di tutto e bisogna fare in fretta, le varianti del virus sono motivo di preoccupazione e l\u2019unica arma concreta \u00e8 rappresentata dal vaccino&#8221;.<\/p>\n","protected":false},"excerpt":{"rendered":"<p>&#8220;Intensificare la campagna vaccinale coinvolgendo i medici di famiglia e allestendo centri vaccinali nei comuni riferimento dei comprensori&#8221;: sono le proposte del deputato regionale Giuseppe Laccoto che ha presentato un&#8217;interrogazione al presidente della Regione e all\u2019assessore per la Salute. &#8220;Bisogna programmare e organizzarsi per tempo: dobbiamo farci trovare pronti quando le forniture dei vaccini arriveranno [&hellip;]<\/p>\n","protected":false},"author":4,"featured_media":51135,"comment_status":"open","ping_status":"open","sticky":false,"template":"","format":"standard","meta":{"ub_ctt_via":"","_mi_skip_tracking":false},"categories":[221],"tags":[],"featured_image_src":"https:\/\/www.messinaoggi.it\/website\/wp-content\/uploads\/2021\/01\/covid-vaccino-coronavirus.jpg","author_info":{"display_name":"redme","author_link":"https:\/\/www.messinaoggi.it\/website\/author\/redme\/"},"digistream_id":0,"digistream":false,"_links":{"self":[{"href":"https:\/\/www.messinaoggi.it\/website\/wp-json\/wp\/v2\/posts\/53933"}],"collection":[{"href":"https:\/\/www.messinaoggi.it\/website\/wp-json\/wp\/v2\/posts"}],"about":[{"href":"https:\/\/www.messinaoggi.it\/website\/wp-json\/wp\/v2\/types\/post"}],"author":[{"embeddable":true,"href":"https:\/\/www.messinaoggi.it\/website\/wp-json\/wp\/v2\/users\/4"}],"replies":[{"embeddable":true,"href":"https:\/\/www.messinaoggi.it\/website\/wp-json\/wp\/v2\/comments?post=53933"}],"version-history":[{"count":1,"href":"https:\/\/www.messinaoggi.it\/website\/wp-json\/wp\/v2\/posts\/53933\/revisions"}],"predecessor-version":[{"id":53934,"href":"https:\/\/www.messinaoggi.it\/website\/wp-json\/wp\/v2\/posts\/53933\/revisions\/53934"}],"wp:featuredmedia":[{"embeddable":true,"href":"https:\/\/www.messinaoggi.it\/website\/wp-json\/wp\/v2\/media\/51135"}],"wp:attachment":[{"href":"https:\/\/www.messinaoggi.it\/website\/wp-json\/wp\/v2\/media?parent=53933"}],"wp:term":[{"taxonomy":"category","embeddable":true,"href":"https:\/\/www.messinaoggi.it\/website\/wp-json\/wp\/v2\/categories?post=53933"},{"taxonomy":"post_tag","embeddable":true,"href":"https:\/\/www.messinaoggi.it\/website\/wp-json\/wp\/v2\/tags?post=53933"}],"curies":[{"name":"wp","href":"https:\/\/api.w.org\/{rel}","templated":true}]}}