{"id":53916,"date":"2021-03-01T09:59:54","date_gmt":"2021-03-01T08:59:54","guid":{"rendered":"https:\/\/www.messinaoggi.it\/website\/?p=53894"},"modified":"2021-03-01T19:24:14","modified_gmt":"2021-03-01T18:24:14","slug":"oice-sicilia-confermato-il-coordinatore-franco-cavallaro","status":"publish","type":"post","link":"https:\/\/www.messinaoggi.it\/website\/2021\/03\/01\/oice-sicilia-confermato-il-coordinatore-franco-cavallaro\/","title":{"rendered":"OICE Sicilia, confermato il coordinatore Franco Cavallaro"},"content":{"rendered":"<p>\u00c8 stato confermato l\u2019ingegner Franco Cavallaro quale coordinatore regionale della OICE, l&#8217;associazione di categoria, aderente a Confindustria, che rappresenta le organizzazioni italiane di ingegneria, architettura e consulenza tecnico-economica. Sabato scorso l\u2019assemblea degli associati OICE della regione Sicilia, riunitasi in teleconferenza, ha infatti eletto l\u2019ingegner Franco Cavallaro, gi\u00e0 coordinatore uscente, come coordinatore regionale della Sicilia.<br \/>\nL\u2019elezione di Cavallaro \u00e8 avvenuta alla presenza del Presidente OICE, Gabriele Scicolone, del Presidente della Consulta interregionale, Giovanni Kisslinger e del Direttore Generale OICE Andrea Mascolini e sar\u00e0 ratificata l\u201911 marzo dal Consiglio Generale dell\u2019Associazione confindustriale che riunisce le organizzazioni di ingegneria, architettura e consulenza tecnico-economica.<br \/>\n\u201cIl prossimo mandato ci vedr\u00e0 sempre pi\u00f9 impegnati a convincere le istituzioni, e direi in modo pi\u00f9 ampio la societ\u00e0, che sforzarsi di avvalersi di una ingegneria di qualit\u00e0 comporta il perseguimento del bene comune, perch\u00e9 senza di essa non ci possono essere infrastrutture e citt\u00e0 di qualit\u00e0. \u2013 ha affermato Cavallaro a seguito della nomina &#8211; Questo concetto valido sempre assume a precondizione per l\u2019auspicata riuscita del programma di rinascita del nostro paese NextGenerationEU che verr\u00e0 a breve avviato\u201d.<div id=\"div-gpt-ad-Messinaoggi.it-DSK-300x250-corpoart\" style=\"text-align:center;margin:0 auto;\"><\/div><\/p>\n<div id=\"videoincontent\" style=\"clear:both\";><\/div>","protected":false},"excerpt":{"rendered":"<p>\u00c8 stato confermato l\u2019ingegner Franco Cavallaro quale coordinatore regionale della OICE, l&#8217;associazione di categoria, aderente a Confindustria, che rappresenta le organizzazioni italiane di ingegneria, architettura e consulenza tecnico-economica. Sabato scorso l\u2019assemblea degli associati OICE della regione Sicilia, riunitasi in teleconferenza, ha infatti eletto l\u2019ingegner Franco Cavallaro, gi\u00e0 coordinatore uscente, come coordinatore regionale della Sicilia. L\u2019elezione [&hellip;]<\/p>\n","protected":false},"author":8,"featured_media":53905,"comment_status":"closed","ping_status":"closed","sticky":false,"template":"","format":"standard","meta":{"ub_ctt_via":"","_mi_skip_tracking":false},"categories":[11],"tags":[],"featured_image_src":"https:\/\/www.messinaoggi.it\/website\/wp-content\/uploads\/2021\/03\/franco-cavallaro.jpg","author_info":{"display_name":"red..me","author_link":"https:\/\/www.messinaoggi.it\/website\/author\/redstage\/"},"digistream_id":0,"digistream":false,"_links":{"self":[{"href":"https:\/\/www.messinaoggi.it\/website\/wp-json\/wp\/v2\/posts\/53916"}],"collection":[{"href":"https:\/\/www.messinaoggi.it\/website\/wp-json\/wp\/v2\/posts"}],"about":[{"href":"https:\/\/www.messinaoggi.it\/website\/wp-json\/wp\/v2\/types\/post"}],"author":[{"embeddable":true,"href":"https:\/\/www.messinaoggi.it\/website\/wp-json\/wp\/v2\/users\/8"}],"replies":[{"embeddable":true,"href":"https:\/\/www.messinaoggi.it\/website\/wp-json\/wp\/v2\/comments?post=53916"}],"version-history":[{"count":1,"href":"https:\/\/www.messinaoggi.it\/website\/wp-json\/wp\/v2\/posts\/53916\/revisions"}],"predecessor-version":[{"id":53924,"href":"https:\/\/www.messinaoggi.it\/website\/wp-json\/wp\/v2\/posts\/53916\/revisions\/53924"}],"wp:featuredmedia":[{"embeddable":true,"href":"https:\/\/www.messinaoggi.it\/website\/wp-json\/wp\/v2\/media\/53905"}],"wp:attachment":[{"href":"https:\/\/www.messinaoggi.it\/website\/wp-json\/wp\/v2\/media?parent=53916"}],"wp:term":[{"taxonomy":"category","embeddable":true,"href":"https:\/\/www.messinaoggi.it\/website\/wp-json\/wp\/v2\/categories?post=53916"},{"taxonomy":"post_tag","embeddable":true,"href":"https:\/\/www.messinaoggi.it\/website\/wp-json\/wp\/v2\/tags?post=53916"}],"curies":[{"name":"wp","href":"https:\/\/api.w.org\/{rel}","templated":true}]}}