{"id":53882,"date":"2021-02-01T10:10:02","date_gmt":"2021-02-01T09:10:02","guid":{"rendered":"https:\/\/www.messinaoggi.it\/website\/?p=52446"},"modified":"2021-02-01T10:10:02","modified_gmt":"2021-02-01T09:10:02","slug":"frattura-del-piatto-tibiale-del-ginocchio-destro-per-sofia-goggia","status":"publish","type":"post","link":"https:\/\/www.messinaoggi.it\/website\/2021\/02\/01\/frattura-del-piatto-tibiale-del-ginocchio-destro-per-sofia-goggia\/","title":{"rendered":"Frattura del piatto tibiale del ginocchio destro per Sofia Goggia"},"content":{"rendered":"<div>MILANO (ITALPRESS) &#8211; Frattura composta del piatto tibiale laterale del ginocchio destro. La sfortuna continua a perseguitare Sofia Goggia, vittima oggi di una caduta sulla pista di rientro che portava a valle le concorrenti del supergigante femminile annullato sulla pista di Garmisch, a causa della nebbia. La 28enne finanziera bergamasca \u00e8 stata sottoposta presso la clinica La Madonnina di Milano ad una risonanza magnetica e ad una tomografia assiale computerizzata da parte dei dottori Herbert Schoenhuber e Andrea Panzeri della commissione medica Fisi e il responso \u00e8 stato una batosta. Nei prossimi giorni verranno valutati gli esatti tempi di recupero ma la Goggia non prender\u00e0 parte ai Mondiali di Cortina d&#8217;Ampezzo che partiranno luned\u00ec 8 febbraio e comincer\u00e0 il percorso riabilitativo in vista della ripresa dell&#8217;attivit\u00e0 agonistica.<br \/>\n(ITALPRESS).<\/div>\n<div id=\"div-gpt-ad-Messinaoggi.it-DSK-300x250-corpoart\" style=\"text-align:center;margin:0 auto;\"><\/div><\/p><div id=\"videoincontent\" style=\"clear:both\";><\/div>","protected":false},"excerpt":{"rendered":"<p>MILANO (ITALPRESS) &#8211; Frattura composta del piatto tibiale laterale del ginocchio destro. La sfortuna continua a perseguitare Sofia Goggia, vittima oggi di una caduta sulla pista di rientro che portava a valle le concorrenti del supergigante femminile annullato sulla pista di Garmisch, a causa della nebbia. La 28enne finanziera bergamasca \u00e8 stata sottoposta presso la [&hellip;]<\/p>\n","protected":false},"author":2,"featured_media":52447,"comment_status":"closed","ping_status":"closed","sticky":false,"template":"","format":"standard","meta":{"ub_ctt_via":"","_mi_skip_tracking":false},"categories":[446,9],"tags":[],"featured_image_src":null,"author_info":{"display_name":"Redazione","author_link":"https:\/\/www.messinaoggi.it\/website\/author\/redazione\/"},"digistream_id":0,"digistream":false,"_links":{"self":[{"href":"https:\/\/www.messinaoggi.it\/website\/wp-json\/wp\/v2\/posts\/53882"}],"collection":[{"href":"https:\/\/www.messinaoggi.it\/website\/wp-json\/wp\/v2\/posts"}],"about":[{"href":"https:\/\/www.messinaoggi.it\/website\/wp-json\/wp\/v2\/types\/post"}],"author":[{"embeddable":true,"href":"https:\/\/www.messinaoggi.it\/website\/wp-json\/wp\/v2\/users\/2"}],"replies":[{"embeddable":true,"href":"https:\/\/www.messinaoggi.it\/website\/wp-json\/wp\/v2\/comments?post=53882"}],"version-history":[{"count":0,"href":"https:\/\/www.messinaoggi.it\/website\/wp-json\/wp\/v2\/posts\/53882\/revisions"}],"wp:featuredmedia":[{"embeddable":true,"href":"https:\/\/www.messinaoggi.it\/website\/wp-json\/wp\/v2\/media\/52447"}],"wp:attachment":[{"href":"https:\/\/www.messinaoggi.it\/website\/wp-json\/wp\/v2\/media?parent=53882"}],"wp:term":[{"taxonomy":"category","embeddable":true,"href":"https:\/\/www.messinaoggi.it\/website\/wp-json\/wp\/v2\/categories?post=53882"},{"taxonomy":"post_tag","embeddable":true,"href":"https:\/\/www.messinaoggi.it\/website\/wp-json\/wp\/v2\/tags?post=53882"}],"curies":[{"name":"wp","href":"https:\/\/api.w.org\/{rel}","templated":true}]}}