{"id":53880,"date":"2021-02-01T10:10:40","date_gmt":"2021-02-01T09:10:40","guid":{"rendered":"https:\/\/www.messinaoggi.it\/website\/?p=52442"},"modified":"2021-02-01T10:10:40","modified_gmt":"2021-02-01T09:10:40","slug":"atletica-mei-eletto-presidente-fidal-rinnoviamo-per-rinascere","status":"publish","type":"post","link":"https:\/\/www.messinaoggi.it\/website\/2021\/02\/01\/atletica-mei-eletto-presidente-fidal-rinnoviamo-per-rinascere\/","title":{"rendered":"Atletica, Mei eletto presidente Fidal \u201cRinnoviamo per rinascere\u201d"},"content":{"rendered":"<div>ROMA (ITALPRESS) &#8211; Stefano Mei \u00e8 il nuovo presidente della Federazione italiana di atletica leggera. L&#8217;assemblea elettiva, riunita alla Fiera di Roma, ha scelto il successore di Alfio Giomi premiando di misura al ballottaggio l&#8217;ex mezzofondista (53,47% delle preferenze espresse) nei confronti di Vincenzo Parrinello (46,36%). &#8220;Mi viene da piangere &#8211; ha dichiarato Mei subito dopo l&#8217;elezione &#8211; Spero veramente di poter essere il presidente che unisce le fratture che ci sono. Datemi fiducia e riusciremo a portare l&#8217;atletica dove deve stare&#8221;. Nel suo intervento prima del voto, Mei ha citato Papa Francesco (&#8220;Bisogna essere costruttori di ponti e non di barriere: io voglio collegare la base con la federazione centrale in totale trasparenza e onest\u00e0&#8221;), si \u00e8 definito &#8220;il presidente della gioia&#8221; e ha invocato discontinuit\u00e0 per una &#8220;federazione dinamica&#8221;. &#8220;Ho iniziato a sperarci davvero quando sono arrivato al ballottaggio. La volata di oggi \u00e8 un p\u00f2 simile a quella di Stoccarda&#8221;, ha ammesso Mei ricordando l&#8217;oro europeo vinto nei 10.000 metri nel 1986. &#8220;Quella volata resta pi\u00f9 bella perch\u00e8 avevo qualche anno in meno ma \u00e8 entusiasmante anche questa e molto emozionante. Non pensavo cosi tanto&#8221;. Il nuovo presidente si \u00e8 preso dunque la rivincita dopo la sconfitta elettorale subita nel novembre 2016 contro Giomi. &#8220;Forse allora ero troppo acerbo &#8211; ha dichiarato Mei &#8211; Credo che questa volta il voto mi abbia premiato perch\u00e8 sono maturato e sicuramente ho acquisito esperienza, sono meno impulsivo. Ho acquisito la statura del dirigente che serve all&#8217;atletica, spero che i colleghi consiglieri abbiano voglia di portare avanti la nuova atletica, il rinnovamento. Oggi finisce la campagna elettorale e dobbiamo collaborare: io sono disponibile a tutto&#8221;.<br \/>\n(ITALPRESS).<\/div>\n<div id=\"div-gpt-ad-Messinaoggi.it-DSK-300x250-corpoart\" style=\"text-align:center;margin:0 auto;\"><\/div><\/p><div id=\"videoincontent\" style=\"clear:both\";><\/div>","protected":false},"excerpt":{"rendered":"<p>ROMA (ITALPRESS) &#8211; Stefano Mei \u00e8 il nuovo presidente della Federazione italiana di atletica leggera. L&#8217;assemblea elettiva, riunita alla Fiera di Roma, ha scelto il successore di Alfio Giomi premiando di misura al ballottaggio l&#8217;ex mezzofondista (53,47% delle preferenze espresse) nei confronti di Vincenzo Parrinello (46,36%). &#8220;Mi viene da piangere &#8211; ha dichiarato Mei subito [&hellip;]<\/p>\n","protected":false},"author":2,"featured_media":52443,"comment_status":"closed","ping_status":"closed","sticky":false,"template":"","format":"standard","meta":{"ub_ctt_via":"","_mi_skip_tracking":false},"categories":[446,9],"tags":[],"featured_image_src":null,"author_info":{"display_name":"Redazione","author_link":"https:\/\/www.messinaoggi.it\/website\/author\/redazione\/"},"digistream_id":0,"digistream":false,"_links":{"self":[{"href":"https:\/\/www.messinaoggi.it\/website\/wp-json\/wp\/v2\/posts\/53880"}],"collection":[{"href":"https:\/\/www.messinaoggi.it\/website\/wp-json\/wp\/v2\/posts"}],"about":[{"href":"https:\/\/www.messinaoggi.it\/website\/wp-json\/wp\/v2\/types\/post"}],"author":[{"embeddable":true,"href":"https:\/\/www.messinaoggi.it\/website\/wp-json\/wp\/v2\/users\/2"}],"replies":[{"embeddable":true,"href":"https:\/\/www.messinaoggi.it\/website\/wp-json\/wp\/v2\/comments?post=53880"}],"version-history":[{"count":0,"href":"https:\/\/www.messinaoggi.it\/website\/wp-json\/wp\/v2\/posts\/53880\/revisions"}],"wp:featuredmedia":[{"embeddable":true,"href":"https:\/\/www.messinaoggi.it\/website\/wp-json\/wp\/v2\/media\/52443"}],"wp:attachment":[{"href":"https:\/\/www.messinaoggi.it\/website\/wp-json\/wp\/v2\/media?parent=53880"}],"wp:term":[{"taxonomy":"category","embeddable":true,"href":"https:\/\/www.messinaoggi.it\/website\/wp-json\/wp\/v2\/categories?post=53880"},{"taxonomy":"post_tag","embeddable":true,"href":"https:\/\/www.messinaoggi.it\/website\/wp-json\/wp\/v2\/tags?post=53880"}],"curies":[{"name":"wp","href":"https:\/\/api.w.org\/{rel}","templated":true}]}}