{"id":53868,"date":"2021-03-01T13:17:44","date_gmt":"2021-03-01T12:17:44","guid":{"rendered":"https:\/\/www.messinaoggi.it\/website\/?p=53868"},"modified":"2021-03-01T13:17:44","modified_gmt":"2021-03-01T12:17:44","slug":"basket-serie-c-castanea-basket-2010-leonardo-di-dio-rivestira-il-ruolo-di-capitano","status":"publish","type":"post","link":"https:\/\/www.messinaoggi.it\/website\/2021\/03\/01\/basket-serie-c-castanea-basket-2010-leonardo-di-dio-rivestira-il-ruolo-di-capitano\/","title":{"rendered":"BASKET SERIE C &#8211; Castanea Basket 2010: Leonardo Di Dio rivestir\u00e0 il ruolo di capitano"},"content":{"rendered":"<h6><strong><em>Leonardo Di Dio \u00e8 il nuovo capitano del Castanea. Giancarlo Schiavoni il suo vice. Squadra pronta per l&#8217;inizio del campionato il 10 marzo<\/em><\/strong><\/h6>\n<p style=\"text-align: justify\">La societ\u00e0 Castanea Basket 2010, in vista dell\u2019inizio della nuova stagione, che per i colori gialloviola partir\u00e0 il prossimo 10 marzo, data del primo match in esterna al PalaFantozzi di Capo d\u2019Orlando, ha comunicato che Leonardo Di Dio rivestir\u00e0 il ruolo di capitano per la stagione sportiva 2021 nel campionato di serie C Silver.<div id=\"div-gpt-ad-Messinaoggi.it-DSK-300x250-corpoart\" style=\"text-align:center;margin:0 auto;\"><\/div><\/p>\n<p style=\"text-align: justify\">L\u2019ex giocatore dell\u2019Amatori Messina, che due anni fa vinse la classifica dei realizzatori del massimo campionato regionale in maglia neroarancio, arriva da un\u2019ottima stagione con i colori del Ragusa.<div id=\"videoincontent\" style=\"clear:both\";><\/div><\/p>\n<div id=\"attachment_53870\" style=\"width: 275px\" class=\"wp-caption alignright\"><img aria-describedby=\"caption-attachment-53870\" loading=\"lazy\" class=\" wp-image-53870\" src=\"https:\/\/www.messinaoggi.it\/website\/wp-content\/uploads\/2021\/02\/leonardo-Di-Dio-149x300.jpg\" alt=\"\" width=\"265\" height=\"534\" \/><p id=\"caption-attachment-53870\" class=\"wp-caption-text\"><strong><em>Leonardo Di Dio<\/em><\/strong><\/p><\/div>\n<p style=\"text-align: justify\">L\u2019obiettivo \u00e8 confermarsi col club della propria citt\u00e0. Queste le sue prime dichiarazioni: \u201d<em>Voglio ringraziare la societ\u00e0 per avermi affidato questo ruolo cos\u00ec significativo. Il mio primo obiettivo \u00e8 quello di fare integrare questo nuovo gruppo in un anno caratterizzato da tante difficolt\u00e0 per la situazione pandemica e i continui stop che hanno complicato l\u2019affiatamento del nuovo gruppo. Ho <\/em><em>trovato comunque un gruppo molto unito, valido e composto interamente da bravi ragazzi. Abbiamo gli ultimi giorni di preparazione per arrivare pronti sia fisicamente che tecnicamente all\u2019inizio della nuova stagione. Ascoltiamo attentamente i nostri coach e siamo pronti, dobbiamo collaudare tutto quello che ci servir\u00e0 in vista delle prime partite. Non abbiamo nulla da perdere e il nostro obiettivo \u00e8 quello di giocare al massimo delle nostre potenzialit\u00e0 credendo nel nostro potenziale. Non vediamo ormai l\u2019ora di cominciare\u201d.<\/em><\/p>\n<p style=\"text-align: justify\">Al contempo il Castanea ha affidato il ruolo di vicecapitano a Giancarlo Schiavoni, atleta abruzzese arrivato quest\u2019anno nel team del presidente Alessandro Sacc\u00e0. Classe 1987 sar\u00e0 anagraficamente il giocatore pi\u00f9 anziano del gruppo agli ordini dei coach Frisenda e Molino.<\/p>\n<p style=\"text-align: justify\">Questo il suo commento: \u201c<em>La societ\u00e0 ha puntato molto su di me e questo per il sottoscritto \u00e8 molto motivante. E\u2019 inoltre un onore e cercher\u00f2 di guidare i miei compagni cercando sempre di dare l\u2019esempio. Sono qui a Messina per dare tutto quello che ho\u201d.<\/em><\/p>\n","protected":false},"excerpt":{"rendered":"<p>Leonardo Di Dio \u00e8 il nuovo capitano del Castanea. Giancarlo Schiavoni il suo vice. Squadra pronta per l&#8217;inizio del campionato il 10 marzo La societ\u00e0 Castanea Basket 2010, in vista dell\u2019inizio della nuova stagione, che per i colori gialloviola partir\u00e0 il prossimo 10 marzo, data del primo match in esterna al PalaFantozzi di Capo d\u2019Orlando, [&hellip;]<\/p>\n","protected":false},"author":17,"featured_media":53869,"comment_status":"closed","ping_status":"closed","sticky":false,"template":"","format":"standard","meta":{"ub_ctt_via":"","_mi_skip_tracking":false},"categories":[8,9],"tags":[202,400],"featured_image_src":"https:\/\/www.messinaoggi.it\/website\/wp-content\/uploads\/2021\/02\/MC_601_1.jpg","author_info":{"display_name":"Giuseppe Luppino","author_link":"https:\/\/www.messinaoggi.it\/website\/author\/g-luppino\/"},"digistream_id":0,"digistream":false,"_links":{"self":[{"href":"https:\/\/www.messinaoggi.it\/website\/wp-json\/wp\/v2\/posts\/53868"}],"collection":[{"href":"https:\/\/www.messinaoggi.it\/website\/wp-json\/wp\/v2\/posts"}],"about":[{"href":"https:\/\/www.messinaoggi.it\/website\/wp-json\/wp\/v2\/types\/post"}],"author":[{"embeddable":true,"href":"https:\/\/www.messinaoggi.it\/website\/wp-json\/wp\/v2\/users\/17"}],"replies":[{"embeddable":true,"href":"https:\/\/www.messinaoggi.it\/website\/wp-json\/wp\/v2\/comments?post=53868"}],"version-history":[{"count":0,"href":"https:\/\/www.messinaoggi.it\/website\/wp-json\/wp\/v2\/posts\/53868\/revisions"}],"wp:featuredmedia":[{"embeddable":true,"href":"https:\/\/www.messinaoggi.it\/website\/wp-json\/wp\/v2\/media\/53869"}],"wp:attachment":[{"href":"https:\/\/www.messinaoggi.it\/website\/wp-json\/wp\/v2\/media?parent=53868"}],"wp:term":[{"taxonomy":"category","embeddable":true,"href":"https:\/\/www.messinaoggi.it\/website\/wp-json\/wp\/v2\/categories?post=53868"},{"taxonomy":"post_tag","embeddable":true,"href":"https:\/\/www.messinaoggi.it\/website\/wp-json\/wp\/v2\/tags?post=53868"}],"curies":[{"name":"wp","href":"https:\/\/api.w.org\/{rel}","templated":true}]}}