{"id":53861,"date":"2021-03-01T18:30:57","date_gmt":"2021-03-01T17:30:57","guid":{"rendered":"https:\/\/www.messinaoggi.it\/website\/?p=53861"},"modified":"2021-03-01T18:30:57","modified_gmt":"2021-03-01T17:30:57","slug":"karting-brillante-rimonta-e-top-ten-nel-wsk-per-michael-paparo-ad-adria","status":"publish","type":"post","link":"https:\/\/www.messinaoggi.it\/website\/2021\/03\/01\/karting-brillante-rimonta-e-top-ten-nel-wsk-per-michael-paparo-ad-adria\/","title":{"rendered":"KARTING &#8211; Brillante rimonta e top ten nel WSK per Michael Paparo ad Adria"},"content":{"rendered":"<h6><em><strong>Nel primo round del Super Master Series il pilota ufficiale del team Praga, evidenzia grandi progressi rispetto alla precedente uscita, dimostrando di poter ambire a posizioni di vertice<\/strong><\/em><\/h6>\n<p> <div id=\"div-gpt-ad-Messinaoggi.it-DSK-300x250-corpoart\" style=\"text-align:center;margin:0 auto;\"><\/div><\/p>\n<p style=\"text-align: justify\">E\u2019 stato un \u201ccrescendo\u201d,come nelle migliori sinfonie, quello \u201dsuonato gradualmente\u201d dal sedicenne Michael Paparo nel secondo weekend consecutivo di gare che si sono disputate sulla pista rodigina &#8220;Adria International Raceway&#8221;.<div id=\"videoincontent\" style=\"clear:both\";><\/div><\/p>\n<p style=\"text-align: justify\">Il \u201cprologo\u201d era stato assai complicato per il 16enne pilota siracusano che ha faticato in qualifica e ha dovuto iniziare a recuperare sin dalla prima eliminatoria del venerd\u00ec. Trend in crescendo poi sabato quando ha chiuso le qualificazioni in 21^ posizione avendo gi\u00e0 dimezzato il gap.<\/p>\n<p style=\"text-align: justify\">Il vero capolavoro, il pilota ufficiale Team Praga, l\u2019ha compiuto in finale dove ha recuperato ben otto posizioni, agguantando la decima piazza che non ha pi\u00f9 lasciato fino alla fine. Grande prestazione la sua e ottimo lavoro dei tecnici Praga che dopo l\u2019inizio difficile hanno adottato adeguate regolazioni per consentirgli di migliorarsi progressivamente.<\/p>\n<p style=\"text-align: justify\"><em>&#8220;Il cammino \u00e8 ancora lungo<\/em>\u00a0\u2013 ha dichiarato Paparo &#8211;\u00a0<em>sono soddisfatto dei miglioramenti fatti in questo weekend anche se sono cosciente che c\u2019\u00e8 ancora molto da fare, soprattutto in fase di qualifica dove siamo rimasti molto dietro. Purtroppo trattandosi di pochissimi giri, non \u00e8 facile trovare quello pulito, per giunta il mio gruppo \u00e8 stato sensibilmente pi\u00f9 veloce dell\u2019altro dove col mio tempo sarei risultato ottavo. E\u2019 inutile recriminare, anzi \u00e8 servito da sprone per recuperare tantissimo in batteria, pre-finale e finale. Il risultato mi gratifica, penso che presto potremmo puntare ancora pi\u00f9 in alto&#8221;.<\/em><\/p>\n<p style=\"text-align: justify\">Solo pochi giorni di riposo e Paparo, con il suo team, torneranno in pista in Puglia alla Conca di Lecce, per il secondo appuntamento del WSK Super Master Series.<\/p>\n<p style=\"text-align: justify\">\n<p><em><strong>Calendario del WSK Super Master Series:<\/strong><\/em><br \/>\n1\u00b0Rd \u2013 07\/02\/2021 ADRIA<br \/>\n2\u00b0Rd \u2013 14\/03\/2021 LA CONCA<br \/>\n3\u00b0Rd \u2013 28\/03\/2021 SARNO<br \/>\n4\u00b0Rd \u2013 25\/04\/2021 LONATO<\/p>\n","protected":false},"excerpt":{"rendered":"<p>Nel primo round del Super Master Series il pilota ufficiale del team Praga, evidenzia grandi progressi rispetto alla precedente uscita, dimostrando di poter ambire a posizioni di vertice E\u2019 stato un \u201ccrescendo\u201d,come nelle migliori sinfonie, quello \u201dsuonato gradualmente\u201d dal sedicenne Michael Paparo nel secondo weekend consecutivo di gare che si sono disputate sulla pista rodigina [&hellip;]<\/p>\n","protected":false},"author":17,"featured_media":53862,"comment_status":"closed","ping_status":"closed","sticky":false,"template":"","format":"standard","meta":{"ub_ctt_via":"","_mi_skip_tracking":false},"categories":[8,9],"tags":[559,418],"featured_image_src":"https:\/\/www.messinaoggi.it\/website\/wp-content\/uploads\/2021\/02\/paparo_comunicato_28_febbraio.jpg","author_info":{"display_name":"Giuseppe Luppino","author_link":"https:\/\/www.messinaoggi.it\/website\/author\/g-luppino\/"},"digistream_id":0,"digistream":false,"_links":{"self":[{"href":"https:\/\/www.messinaoggi.it\/website\/wp-json\/wp\/v2\/posts\/53861"}],"collection":[{"href":"https:\/\/www.messinaoggi.it\/website\/wp-json\/wp\/v2\/posts"}],"about":[{"href":"https:\/\/www.messinaoggi.it\/website\/wp-json\/wp\/v2\/types\/post"}],"author":[{"embeddable":true,"href":"https:\/\/www.messinaoggi.it\/website\/wp-json\/wp\/v2\/users\/17"}],"replies":[{"embeddable":true,"href":"https:\/\/www.messinaoggi.it\/website\/wp-json\/wp\/v2\/comments?post=53861"}],"version-history":[{"count":0,"href":"https:\/\/www.messinaoggi.it\/website\/wp-json\/wp\/v2\/posts\/53861\/revisions"}],"wp:featuredmedia":[{"embeddable":true,"href":"https:\/\/www.messinaoggi.it\/website\/wp-json\/wp\/v2\/media\/53862"}],"wp:attachment":[{"href":"https:\/\/www.messinaoggi.it\/website\/wp-json\/wp\/v2\/media?parent=53861"}],"wp:term":[{"taxonomy":"category","embeddable":true,"href":"https:\/\/www.messinaoggi.it\/website\/wp-json\/wp\/v2\/categories?post=53861"},{"taxonomy":"post_tag","embeddable":true,"href":"https:\/\/www.messinaoggi.it\/website\/wp-json\/wp\/v2\/tags?post=53861"}],"curies":[{"name":"wp","href":"https:\/\/api.w.org\/{rel}","templated":true}]}}