{"id":53833,"date":"2021-02-28T08:35:03","date_gmt":"2021-02-28T07:35:03","guid":{"rendered":"https:\/\/www.messinaoggi.it\/website\/?p=53833"},"modified":"2021-02-28T08:35:03","modified_gmt":"2021-02-28T07:35:03","slug":"calderone-scuote-fi-niente-nomine-nel-governo-draghi-e-offesa-grave-al-nostro-impegno","status":"publish","type":"post","link":"https:\/\/www.messinaoggi.it\/website\/2021\/02\/28\/calderone-scuote-fi-niente-nomine-nel-governo-draghi-e-offesa-grave-al-nostro-impegno\/","title":{"rendered":"Calderone scuote FI: &quot;Niente nomine nel governo Draghi, \u00e8 offesa grave al nostro impegno&quot;"},"content":{"rendered":"<div dir=\"ltr\">\n<div dir=\"ltr\">\n<p align=\"justify\">L&#8217;esclusione di rappresentanti siciliani di FI nella squadra di governo-Draghi non \u00e8 stata presa bene dalla componente sicula del partito degli azzurri. Dopo Miccich\u00e8 tuona il deputato regionale Calderone.<div id=\"div-gpt-ad-Messinaoggi.it-DSK-300x250-corpoart\" style=\"text-align:center;margin:0 auto;\"><\/div><\/p>\n<p align=\"justify\">\u201cQuanto accaduto con le nomine di ministri, viceministri e sottosegretari del Governo Draghi \u00e8 un\u2019offesa al grande lavoro di Forza Italia in Sicilia, i cui benefici per\u00f2 sono goduti anche a livello nazionale. Condivido le parole del nostro coordinatore regionale, Gianfranco Miccich\u00e8, anche se devo correggerlo. In Sicilia infatti non sono 700 gli amministratori locali aderenti a Forza Italia bens\u00ec &#8211; dopo una riunione di questa mattina nella mia segreteria \u2013 712, un numero enorme. Per bissare tali dati al nord, occorre sommare i risultati elettorali di Forza Italia in Emilia Romagna, Toscana, Valle d&#8217;Aosta, Piemonte, Lombardia, Veneto e Friuli Venezia Giulia. Per questo a gran voce diciamo basta. Non siamo pi\u00f9 disposti a lasciarci umiliare. L&#8217;intera classe dirigente siciliana \u00e8 mortificata da un siffatto modo di procedere. Noi ci mettiamo la faccia per il bene della nostra gente, per ritrovarsi poi, a livello nazionale, con un pugno di mosche. Ricordo che in politica la memoria \u00e8 corta, e la tenuta del partito nelle altre regioni non \u00e8 la stessa che in Sicilia. Noi siamo il cuore pulsante di Forza Italia; chi ha orecchie per intendere, intenda\u201d. Cos\u00ec afferma il Capogruppo di Forza Italia all&#8217;Ars, Tommaso Calderone dopo la totale assenza del partito siciliano all&#8217;interno del nuovo Esecutivo.<div id=\"videoincontent\" style=\"clear:both\";><\/div><\/p>\n<\/div>\n<\/div>\n","protected":false},"excerpt":{"rendered":"<p>L&#8217;esclusione di rappresentanti siciliani di FI nella squadra di governo-Draghi non \u00e8 stata presa bene dalla componente sicula del partito degli azzurri. Dopo Miccich\u00e8 tuona il deputato regionale Calderone. \u201cQuanto accaduto con le nomine di ministri, viceministri e sottosegretari del Governo Draghi \u00e8 un\u2019offesa al grande lavoro di Forza Italia in Sicilia, i cui benefici [&hellip;]<\/p>\n","protected":false},"author":2,"featured_media":33153,"comment_status":"closed","ping_status":"closed","sticky":false,"template":"","format":"standard","meta":{"ub_ctt_via":"","_mi_skip_tracking":false},"categories":[4],"tags":[],"featured_image_src":"https:\/\/www.messinaoggi.it\/website\/wp-content\/uploads\/2019\/05\/Tommaso-Calderone.jpg","author_info":{"display_name":"Redazione","author_link":"https:\/\/www.messinaoggi.it\/website\/author\/redazione\/"},"digistream_id":0,"digistream":false,"_links":{"self":[{"href":"https:\/\/www.messinaoggi.it\/website\/wp-json\/wp\/v2\/posts\/53833"}],"collection":[{"href":"https:\/\/www.messinaoggi.it\/website\/wp-json\/wp\/v2\/posts"}],"about":[{"href":"https:\/\/www.messinaoggi.it\/website\/wp-json\/wp\/v2\/types\/post"}],"author":[{"embeddable":true,"href":"https:\/\/www.messinaoggi.it\/website\/wp-json\/wp\/v2\/users\/2"}],"replies":[{"embeddable":true,"href":"https:\/\/www.messinaoggi.it\/website\/wp-json\/wp\/v2\/comments?post=53833"}],"version-history":[{"count":0,"href":"https:\/\/www.messinaoggi.it\/website\/wp-json\/wp\/v2\/posts\/53833\/revisions"}],"wp:featuredmedia":[{"embeddable":true,"href":"https:\/\/www.messinaoggi.it\/website\/wp-json\/wp\/v2\/media\/33153"}],"wp:attachment":[{"href":"https:\/\/www.messinaoggi.it\/website\/wp-json\/wp\/v2\/media?parent=53833"}],"wp:term":[{"taxonomy":"category","embeddable":true,"href":"https:\/\/www.messinaoggi.it\/website\/wp-json\/wp\/v2\/categories?post=53833"},{"taxonomy":"post_tag","embeddable":true,"href":"https:\/\/www.messinaoggi.it\/website\/wp-json\/wp\/v2\/tags?post=53833"}],"curies":[{"name":"wp","href":"https:\/\/api.w.org\/{rel}","templated":true}]}}