{"id":53825,"date":"2021-02-28T03:02:19","date_gmt":"2021-02-28T02:02:19","guid":{"rendered":"https:\/\/www.messinaoggi.it\/website\/2021\/02\/28\/falcone-confermato-presidente-fijlkam-primo-obiettivo-ripartire\/"},"modified":"2021-02-28T03:02:19","modified_gmt":"2021-02-28T02:02:19","slug":"falcone-confermato-presidente-fijlkam-primo-obiettivo-ripartire","status":"publish","type":"post","link":"https:\/\/www.messinaoggi.it\/website\/2021\/02\/28\/falcone-confermato-presidente-fijlkam-primo-obiettivo-ripartire\/","title":{"rendered":"Falcone confermato presidente Fijlkam \u201cPrimo obiettivo ripartire\u201d"},"content":{"rendered":"<div>ROMA (ITALPRESS) &#8211; Domenico Falcone rimane alla guida della Federazione Italiana Judo Lotta Karate Arti Marziali (Fijlkam) anche per il quadriennio 2021\/2024. Il presidente uscente ha ricevuto 37.859 voti dall&#8217;Assemblea riunita alla Fiera di Roma, confermando l&#8217;impegno iniziato nel 2014. Battuto lo sfidante Felice Mariani, ex atleta e deputato del Movimento 5 Stelle, che ha ottenuto 24.967 voti (148 le schede bianche). Per il nuovo quadriennio Falcone punta forte sui cinque punti cardine alla base del suo programma: ripartenza, competitivit\u00e0, sostenibilit\u00e0, inclusione e digitalizzazione attraverso una &#8220;visione comune&#8221; che porti, in futuro, a una maggiore &#8220;stabilit\u00e0, crescita organizzativa e gestionale, e naturalmente ad ottenere nuovi successi sportivi attraverso il lavoro di squadra e il costante contributo di tutti&#8221;. Per il presidente rieletto &#8220;\u00e8 fondamentale capire come ripartire e adeguare i nostri programmi a quanto previsto dal Consiglio dei Ministri&#8221;. La Fijlkam, ha garantito ancora Falcone, rimarr\u00e0 aperta e disponibile ad accogliere nuove discipline, come auspicato anche dal presidente del Coni Giovanni Malag\u00f2, intervenuto all&#8217;assemblea. &#8220;La vostra \u00e8 una federazione storica, fondata e nata prima del Coni &#8211; ha ricordato il numero uno del Comitato olimpico nazionale &#8211; Ha una dinamicit\u00e0 importante ed \u00e8 aperta alla multidisciplinariet\u00e0. Una grande famiglia con storie, tradizioni e culture molto diverse. La sfida, adesso, \u00e8 guardare con interesse e appeal alle nuove discipline sportive&#8221;.<br \/>\n(ITALPRESS).<\/div>\n<div id=\"div-gpt-ad-Messinaoggi.it-DSK-300x250-corpoart\" style=\"text-align:center;margin:0 auto;\"><\/div><\/p><div id=\"videoincontent\" style=\"clear:both\";><\/div>","protected":false},"excerpt":{"rendered":"<p>ROMA (ITALPRESS) &#8211; Domenico Falcone rimane alla guida della Federazione Italiana Judo Lotta Karate Arti Marziali (Fijlkam) anche per il quadriennio 2021\/2024. Il presidente uscente ha ricevuto 37.859 voti dall&#8217;Assemblea riunita alla Fiera di Roma, confermando l&#8217;impegno iniziato nel 2014. Battuto lo sfidante Felice Mariani, ex atleta e deputato del Movimento 5 Stelle, che ha [&hellip;]<\/p>\n","protected":false},"author":2,"featured_media":53826,"comment_status":"closed","ping_status":"closed","sticky":false,"template":"","format":"standard","meta":{"ub_ctt_via":"","_mi_skip_tracking":false},"categories":[8,446,9],"tags":[],"featured_image_src":"https:\/\/www.messinaoggi.it\/website\/wp-content\/uploads\/2021\/02\/20210227_2121.jpg","author_info":{"display_name":"Redazione","author_link":"https:\/\/www.messinaoggi.it\/website\/author\/redazione\/"},"digistream_id":0,"digistream":false,"_links":{"self":[{"href":"https:\/\/www.messinaoggi.it\/website\/wp-json\/wp\/v2\/posts\/53825"}],"collection":[{"href":"https:\/\/www.messinaoggi.it\/website\/wp-json\/wp\/v2\/posts"}],"about":[{"href":"https:\/\/www.messinaoggi.it\/website\/wp-json\/wp\/v2\/types\/post"}],"author":[{"embeddable":true,"href":"https:\/\/www.messinaoggi.it\/website\/wp-json\/wp\/v2\/users\/2"}],"replies":[{"embeddable":true,"href":"https:\/\/www.messinaoggi.it\/website\/wp-json\/wp\/v2\/comments?post=53825"}],"version-history":[{"count":0,"href":"https:\/\/www.messinaoggi.it\/website\/wp-json\/wp\/v2\/posts\/53825\/revisions"}],"wp:featuredmedia":[{"embeddable":true,"href":"https:\/\/www.messinaoggi.it\/website\/wp-json\/wp\/v2\/media\/53826"}],"wp:attachment":[{"href":"https:\/\/www.messinaoggi.it\/website\/wp-json\/wp\/v2\/media?parent=53825"}],"wp:term":[{"taxonomy":"category","embeddable":true,"href":"https:\/\/www.messinaoggi.it\/website\/wp-json\/wp\/v2\/categories?post=53825"},{"taxonomy":"post_tag","embeddable":true,"href":"https:\/\/www.messinaoggi.it\/website\/wp-json\/wp\/v2\/tags?post=53825"}],"curies":[{"name":"wp","href":"https:\/\/api.w.org\/{rel}","templated":true}]}}