{"id":53806,"date":"2021-02-27T18:24:41","date_gmt":"2021-02-27T17:24:41","guid":{"rendered":"https:\/\/www.messinaoggi.it\/website\/?p=53806"},"modified":"2021-02-27T18:24:41","modified_gmt":"2021-02-27T17:24:41","slug":"asstra-sicilia-confermato-iozzi-premiato-il-nostro-lavoro","status":"publish","type":"post","link":"https:\/\/www.messinaoggi.it\/website\/2021\/02\/27\/asstra-sicilia-confermato-iozzi-premiato-il-nostro-lavoro\/","title":{"rendered":"Asstra Sicilia, confermato Iozzi: &quot;Premiato il nostro lavoro&quot;"},"content":{"rendered":"<p>\u00c8 stata completata la squadra di governo dell&#8217;Associazione trasporti (Asstra) Sicilia. A presiedere l&#8217;associazione per il prossimo triennio sar\u00e0 nuovamente Claudio Iozzi del gruppo Sais Trasporti: &#8220;\u00c8 stata scelta la continuit\u00e0, premiando cos\u00ec il lavoro svolto in questi anni e i risultati raggiunti a tutela del trasporto pubblico locale, fortemente segnato dalla grave pandemia in corso&#8221;, spiega Iozzi a seguito della nomina<br \/>\n<strong>Gli altri componenti della squadra.<\/strong> Tra i notabili a Messina, spicca il nome di Giuseppe Campagna, presidente di Atm Spa. Troviamo poi Michele Cimino (Amat Palermo) Vicepresidente con delega alle Citt\u00e0 Metropolitane, Massimo La Rocca (Atm Trapani) Segretario Generale e coordinatore del Comitato Tecnico.<br \/>\n&#8220;Saranno tre anni impegnativi ed intensi per le tante sfide che ci attendono &#8211; ha detto il presidente Claudio Iozzi &#8211; a partire dall&#8217;impegno che stiamo mettendo, a fianco delle istituzioni nazionali, regionali e locali, per garantire il trasporto in sicurezza in tempi di pandemia. Ma occorre, al tempo stesso, iniziare a porre le basi per la ripartenza, non appena sar\u00e0 possibile, per tutto il settore che \u00e8 chiamato a molte novit\u00e0 su tanti fronti. Alle istituzioni regionali in particolare offriamo la nostra leale collaborazione certi della reciproca attenzione ciascuno nei ruoli che ricopre, nell&#8217;interesse complessivo dei siciliani che siano utenti o lavoratori del Tpl&#8221;.<br \/>\n&#8220;Sfide importanti &#8211; gli fa eco il Vice Presidente Michele Cimino &#8211; ancora pi\u00f9, se possibile, nelle grandi citt\u00e0 e nelle aree metropolitane dove il Tpl deve integrarsi in un sistema &#8216;citta&#8217; allargata&#8217; verso il quale viaggia l&#8217;intero mondo del trasporto pubblico, un sistema in evoluzione che guarda al ferro ma non pu\u00f2 tralasciare il gommato e deve affrontare, insieme alla sfida della sostenibilit\u00e0 economica e della funzionalit\u00e0 del sistema, anche quella della sostenibilit\u00e0 ambientale. Tutti temi che come Asstra dobbiamo affrontare insieme alle aziende delle tre grandi citt\u00e0 Metropolitane di Palermo, Catania e Messina.<div id=\"div-gpt-ad-Messinaoggi.it-DSK-300x250-corpoart\" style=\"text-align:center;margin:0 auto;\"><\/div><\/p>\n<div><\/div>\n<div id=\"videoincontent\" style=\"clear:both\";><\/div>","protected":false},"excerpt":{"rendered":"<p>\u00c8 stata completata la squadra di governo dell&#8217;Associazione trasporti (Asstra) Sicilia. A presiedere l&#8217;associazione per il prossimo triennio sar\u00e0 nuovamente Claudio Iozzi del gruppo Sais Trasporti: &#8220;\u00c8 stata scelta la continuit\u00e0, premiando cos\u00ec il lavoro svolto in questi anni e i risultati raggiunti a tutela del trasporto pubblico locale, fortemente segnato dalla grave pandemia in [&hellip;]<\/p>\n","protected":false},"author":8,"featured_media":40960,"comment_status":"closed","ping_status":"closed","sticky":false,"template":"","format":"standard","meta":{"ub_ctt_via":"","_mi_skip_tracking":false},"categories":[11],"tags":[],"featured_image_src":"https:\/\/www.messinaoggi.it\/website\/wp-content\/uploads\/2020\/03\/Atm-messina-2-1.jpeg","author_info":{"display_name":"red..me","author_link":"https:\/\/www.messinaoggi.it\/website\/author\/redstage\/"},"digistream_id":0,"digistream":false,"_links":{"self":[{"href":"https:\/\/www.messinaoggi.it\/website\/wp-json\/wp\/v2\/posts\/53806"}],"collection":[{"href":"https:\/\/www.messinaoggi.it\/website\/wp-json\/wp\/v2\/posts"}],"about":[{"href":"https:\/\/www.messinaoggi.it\/website\/wp-json\/wp\/v2\/types\/post"}],"author":[{"embeddable":true,"href":"https:\/\/www.messinaoggi.it\/website\/wp-json\/wp\/v2\/users\/8"}],"replies":[{"embeddable":true,"href":"https:\/\/www.messinaoggi.it\/website\/wp-json\/wp\/v2\/comments?post=53806"}],"version-history":[{"count":0,"href":"https:\/\/www.messinaoggi.it\/website\/wp-json\/wp\/v2\/posts\/53806\/revisions"}],"wp:featuredmedia":[{"embeddable":true,"href":"https:\/\/www.messinaoggi.it\/website\/wp-json\/wp\/v2\/media\/40960"}],"wp:attachment":[{"href":"https:\/\/www.messinaoggi.it\/website\/wp-json\/wp\/v2\/media?parent=53806"}],"wp:term":[{"taxonomy":"category","embeddable":true,"href":"https:\/\/www.messinaoggi.it\/website\/wp-json\/wp\/v2\/categories?post=53806"},{"taxonomy":"post_tag","embeddable":true,"href":"https:\/\/www.messinaoggi.it\/website\/wp-json\/wp\/v2\/tags?post=53806"}],"curies":[{"name":"wp","href":"https:\/\/api.w.org\/{rel}","templated":true}]}}