{"id":53712,"date":"2021-02-25T17:29:08","date_gmt":"2021-02-25T16:29:08","guid":{"rendered":"https:\/\/www.messinaoggi.it\/website\/?p=53712"},"modified":"2021-02-25T17:29:08","modified_gmt":"2021-02-25T16:29:08","slug":"collegamento-messina-aeroporto-ct-uiltrasporti-finalmente-diventa-realta","status":"publish","type":"post","link":"https:\/\/www.messinaoggi.it\/website\/2021\/02\/25\/collegamento-messina-aeroporto-ct-uiltrasporti-finalmente-diventa-realta\/","title":{"rendered":"Collegamento Messina-Aeroporto Ct. Uiltrasporti: &quot;Finalmente diventa realt\u00e0&quot;"},"content":{"rendered":"<p>Un servizio che si aspettava da anni e che sembra dal prossimo 13 marzo vedr\u00e0 finalmente l&#8217;esordio &#8211; dichiara Michele Barresi segretario generale UIltrasporti Messina &#8211; un collegamento che da sempre abbiamo considerato strategico e fondamentale per il comprensorio messinese per il quale l&#8217;aereoporto di Reggio Calabria purtroppo non \u00e8 mai diventato l&#8217;hub di riferimento .<br \/>\nReputiamo che il treno non debba rappresentare una sostituzione degli attuali importanti collegamenti bus da e per Fontanarossa che sono una realt\u00e0 importante da tutelare anche in chiave occupazionale &#8211; continua Barresi &#8211; ma col treno si realizza un&#8217;integrazione ed una alternativa vettoriale con un incremento dell&#8217;offerta che non pu\u00f2 che favorire l&#8217;utenza nella logica del mercato vigente sia in termini di mobilit\u00e0 che di tariffe . Di certo , in attesa del completamento del raddoppio ferroviario gi\u00e0 finanziato tra Giampilieri e Fiumefreddo , l&#8217;utenza dovr\u00e0 &#8220;accontentarsi&#8221; di percorrere con gli attuali treni regionali veloci la<br \/>\ntratta da Messina a Catania Fontanarossa in circa 1 ora e 30 minuti di media, una tempistica comunque ad oggi gi\u00e0 competitiva con il trasporto su gomma . Di certo occorrer\u00e0 modificare tra i due capoluoghi siciliani integralmente l&#8217;orario attuale di Trenitalia per garantire adeguate coincidenze con i voli in arrivo e partenza &#8211; continua la UIltrasporti- se pensiamo che oggi esistono solo sei collegamenti veloci in partenza da Messina tra le 5:13 del mattino con ultimo collegamento per Catania Centrale alle 17:15 del pomeriggio. Meglio in direzione opposta dove sono 10 i collegamenti con treni regionali veloci nella fascia dalle 6:17 alle 21:09 . La vera scommessa si giocher\u00e0 sulla frequenza dei collegamenti ma anche sulle tariffe &#8211; conclude Barresi &#8211; oggi il biglietto ferroviario per la tratta Messina-Catania costa 8,40 euro , ma occorre rimodulare l&#8217;offerta commerciale con specifiche corse dedicate al servizio per l&#8217;aereoporto a costi agevolati come gi\u00e0 accade in tante altre realt\u00e0 analoghe del resto d&#8217;Italia.<div id=\"div-gpt-ad-Messinaoggi.it-DSK-300x250-corpoart\" style=\"text-align:center;margin:0 auto;\"><\/div><\/p>\n<div id=\"videoincontent\" style=\"clear:both\";><\/div>","protected":false},"excerpt":{"rendered":"<p>Un servizio che si aspettava da anni e che sembra dal prossimo 13 marzo vedr\u00e0 finalmente l&#8217;esordio &#8211; dichiara Michele Barresi segretario generale UIltrasporti Messina &#8211; un collegamento che da sempre abbiamo considerato strategico e fondamentale per il comprensorio messinese per il quale l&#8217;aereoporto di Reggio Calabria purtroppo non \u00e8 mai diventato l&#8217;hub di riferimento [&hellip;]<\/p>\n","protected":false},"author":4,"featured_media":49998,"comment_status":"closed","ping_status":"closed","sticky":false,"template":"","format":"standard","meta":{"ub_ctt_via":"","_mi_skip_tracking":false},"categories":[5],"tags":[],"featured_image_src":"https:\/\/www.messinaoggi.it\/website\/wp-content\/uploads\/2020\/12\/26E4FF63-29DD-4C40-951E-BE618FE56E8C.jpeg","author_info":{"display_name":"redme","author_link":"https:\/\/www.messinaoggi.it\/website\/author\/redme\/"},"digistream_id":0,"digistream":false,"_links":{"self":[{"href":"https:\/\/www.messinaoggi.it\/website\/wp-json\/wp\/v2\/posts\/53712"}],"collection":[{"href":"https:\/\/www.messinaoggi.it\/website\/wp-json\/wp\/v2\/posts"}],"about":[{"href":"https:\/\/www.messinaoggi.it\/website\/wp-json\/wp\/v2\/types\/post"}],"author":[{"embeddable":true,"href":"https:\/\/www.messinaoggi.it\/website\/wp-json\/wp\/v2\/users\/4"}],"replies":[{"embeddable":true,"href":"https:\/\/www.messinaoggi.it\/website\/wp-json\/wp\/v2\/comments?post=53712"}],"version-history":[{"count":0,"href":"https:\/\/www.messinaoggi.it\/website\/wp-json\/wp\/v2\/posts\/53712\/revisions"}],"wp:featuredmedia":[{"embeddable":true,"href":"https:\/\/www.messinaoggi.it\/website\/wp-json\/wp\/v2\/media\/49998"}],"wp:attachment":[{"href":"https:\/\/www.messinaoggi.it\/website\/wp-json\/wp\/v2\/media?parent=53712"}],"wp:term":[{"taxonomy":"category","embeddable":true,"href":"https:\/\/www.messinaoggi.it\/website\/wp-json\/wp\/v2\/categories?post=53712"},{"taxonomy":"post_tag","embeddable":true,"href":"https:\/\/www.messinaoggi.it\/website\/wp-json\/wp\/v2\/tags?post=53712"}],"curies":[{"name":"wp","href":"https:\/\/api.w.org\/{rel}","templated":true}]}}