{"id":53688,"date":"2021-02-25T12:00:16","date_gmt":"2021-02-25T11:00:16","guid":{"rendered":"https:\/\/www.messinaoggi.it\/website\/?p=53688"},"modified":"2021-02-25T12:00:16","modified_gmt":"2021-02-25T11:00:16","slug":"scuola-calcio-ssd-camaro-la-figc-conferisce-il-riconoscimento-scuola-calcio-elite","status":"publish","type":"post","link":"https:\/\/www.messinaoggi.it\/website\/2021\/02\/25\/scuola-calcio-ssd-camaro-la-figc-conferisce-il-riconoscimento-scuola-calcio-elite\/","title":{"rendered":"SCUOLA CALCIO &#8211; SSD Camaro, la Figc conferisce il riconoscimento &quot;Scuola Calcio Elite&quot;"},"content":{"rendered":"<p style=\"text-align: justify\">La societ\u00e0 SSD Camaro \u00e8 lieta di annunciare il passaggio a \u201cScuola Calcio Elite\u201d per la stagione 2020\/2021. Attraverso un comunicato ufficiale diramato nelle scorse ore, la FIGC ha ratificato il prestigioso riconoscimento nei confronti della societ\u00e0 neroverde.<div id=\"div-gpt-ad-Messinaoggi.it-DSK-300x250-corpoart\" style=\"text-align:center;margin:0 auto;\"><\/div><\/p>\n<p style=\"text-align: justify\">Un traguardo d\u2019altissimo profilo raggiunto in un momento storico critico per tutti i settori giovanili e le scuole calcio italiane. Nonostante il perdurare dell\u2019emergenza pandemica, il presidente D\u2019Arrigo e tutte le anime societarie non hanno mai smesso di proseguire nel costante lavoro di crescita e progettualit\u00e0.<div id=\"videoincontent\" style=\"clear:both\";><\/div><\/p>\n<p style=\"text-align: justify\">La decisione della Federazione \u00e8 stata accolta con grande gioia e la consapevolezza che l\u2019obiettivo raggiunto rappresenta solo un altro tassello di un mosaico pi\u00f9 grande e variegato. Da oggi il Camaro si unisce all\u2019esclusivo elenco di \u201cScuole calcio d\u2019Elite\u201d distribuito su tutto il territorio italiano.<\/p>\n<p style=\"text-align: justify\">In particolare la societ\u00e0 neroverde \u00e8 l\u2019unica della citt\u00e0 di Messina e la terza della provincia peloritana. Con la speranza e l\u2019auspicio di una pronta ripresa dell\u2019attivit\u00e0 agonistica, la societ\u00e0 SSD Camaro \u00e8 lieta di condividere il nuovo traguardo raggiunto con tutta la citt\u00e0. Un altro obiettivo raggiunto per diventare un punto di riferimento oltre il territorio cittadino superando anche i confini dello Stretto.<\/p>\n","protected":false},"excerpt":{"rendered":"<p>La societ\u00e0 SSD Camaro \u00e8 lieta di annunciare il passaggio a \u201cScuola Calcio Elite\u201d per la stagione 2020\/2021. Attraverso un comunicato ufficiale diramato nelle scorse ore, la FIGC ha ratificato il prestigioso riconoscimento nei confronti della societ\u00e0 neroverde. Un traguardo d\u2019altissimo profilo raggiunto in un momento storico critico per tutti i settori giovanili e le [&hellip;]<\/p>\n","protected":false},"author":17,"featured_media":53689,"comment_status":"closed","ping_status":"closed","sticky":false,"template":"","format":"standard","meta":{"ub_ctt_via":"","_mi_skip_tracking":false},"categories":[8,9],"tags":[549,253],"featured_image_src":"https:\/\/www.messinaoggi.it\/website\/wp-content\/uploads\/2021\/02\/SC-Elite.jpg","author_info":{"display_name":"Giuseppe Luppino","author_link":"https:\/\/www.messinaoggi.it\/website\/author\/g-luppino\/"},"digistream_id":0,"digistream":false,"_links":{"self":[{"href":"https:\/\/www.messinaoggi.it\/website\/wp-json\/wp\/v2\/posts\/53688"}],"collection":[{"href":"https:\/\/www.messinaoggi.it\/website\/wp-json\/wp\/v2\/posts"}],"about":[{"href":"https:\/\/www.messinaoggi.it\/website\/wp-json\/wp\/v2\/types\/post"}],"author":[{"embeddable":true,"href":"https:\/\/www.messinaoggi.it\/website\/wp-json\/wp\/v2\/users\/17"}],"replies":[{"embeddable":true,"href":"https:\/\/www.messinaoggi.it\/website\/wp-json\/wp\/v2\/comments?post=53688"}],"version-history":[{"count":0,"href":"https:\/\/www.messinaoggi.it\/website\/wp-json\/wp\/v2\/posts\/53688\/revisions"}],"wp:featuredmedia":[{"embeddable":true,"href":"https:\/\/www.messinaoggi.it\/website\/wp-json\/wp\/v2\/media\/53689"}],"wp:attachment":[{"href":"https:\/\/www.messinaoggi.it\/website\/wp-json\/wp\/v2\/media?parent=53688"}],"wp:term":[{"taxonomy":"category","embeddable":true,"href":"https:\/\/www.messinaoggi.it\/website\/wp-json\/wp\/v2\/categories?post=53688"},{"taxonomy":"post_tag","embeddable":true,"href":"https:\/\/www.messinaoggi.it\/website\/wp-json\/wp\/v2\/tags?post=53688"}],"curies":[{"name":"wp","href":"https:\/\/api.w.org\/{rel}","templated":true}]}}