{"id":53684,"date":"2021-02-26T10:00:37","date_gmt":"2021-02-26T09:00:37","guid":{"rendered":"https:\/\/www.messinaoggi.it\/website\/?p=53684"},"modified":"2021-02-26T10:00:37","modified_gmt":"2021-02-26T09:00:37","slug":"basket-nuova-pallacanestro-messina-cocuzza-ingaggia-lala-lituana-matas-budrys-classe-1996","status":"publish","type":"post","link":"https:\/\/www.messinaoggi.it\/website\/2021\/02\/26\/basket-nuova-pallacanestro-messina-cocuzza-ingaggia-lala-lituana-matas-budrys-classe-1996\/","title":{"rendered":"BASKET &#8211; Nuova Pallacanestro Messina ingaggia Matas Budrys, Lucio Cocuzza e Santiago Sartor"},"content":{"rendered":"<h6 style=\"text-align: justify\"><strong><em>La JustMary Messina completa il roster acquisendo le prestazioni degli atleti Lucio Cocuzza, Santiago Sartor e del lituano Matas Budrys<\/em><\/strong><\/h6>\n<p> <div id=\"div-gpt-ad-Messinaoggi.it-DSK-300x250-corpoart\" style=\"text-align:center;margin:0 auto;\"><\/div><\/p>\n<p style=\"text-align: justify\">Matas Budrys vanta un otrtimo curriculum. Il giocatore classe 1996, 198 cm di altezza, si \u00e8 svincolato dalla formazione pugliese dell\u2019Air Basket Termoli che ha rinunciato alla partecipazione al torneo di serie C gold ed in attesa di una chiamata era tornato in patria in A2 al Silales Lusis.<div id=\"videoincontent\" style=\"clear:both\";><\/div><\/p>\n<p style=\"text-align: justify\">La carriera italiana di Budrys comincia proprio in Sicilia nelle file dell\u2019Acireale in serie D, 21,8 punti di media in serie D con un massimo di 38 in 29 apparizioni, nella stagione successiva il salto in C Silver al Nuovo Basket Aquilano dove ha viaggiato a 22,1 punti in 25 uscite con un high di 42, mentre nella scorsa stagione in C Gold a Castellaneta 20 presenze condite da 15,5 punti con un massimo di 27.<\/p>\n<div id=\"attachment_53685\" style=\"width: 396px\" class=\"wp-caption alignright\"><img aria-describedby=\"caption-attachment-53685\" loading=\"lazy\" class=\" wp-image-53685\" src=\"https:\/\/www.messinaoggi.it\/website\/wp-content\/uploads\/2021\/02\/Matas-Budrys-266x300.jpg\" alt=\"\" width=\"386\" height=\"435\" \/><p id=\"caption-attachment-53685\" class=\"wp-caption-text\"><em><strong>Matas Budrys<\/strong><\/em><\/p><\/div>\n<p style=\"text-align: justify\">Doti di realizzatore per il nuovo lungo della Nuova Pallacanestro Messina Cocuzza che unisce alla mano morbida dalla distanza un discreto atletismo. La dirigenza della Nuova Pallacanestro Messina ringrazia l\u2019agente Andrea Capasso per la grande disponibilit\u00e0 dimostrata.<\/p>\n<p style=\"text-align: justify\">\u201c<em>Sono molto felice di tornare in Sicilia<\/em> \u2013 dichiara Budrys \u2013 <em>sono passati 4 anni dall\u2019ultima volta che ho giocato qui e sono davvero eccitato all\u2019idea di tornarci. Il mio obiettivo stagionale \u00e8 quello di vincere quante pi\u00f9 gare possibili ed essere in grado di competere al livello pi\u00f9 alto. L\u2019idea di tornare sul campo di basket dopo un lungo periodo di stop mi rende davvero impaziente, non vedo l\u2019ora di ricominciare, \u00e8 passato molto tempo dall\u2019ultima volta che ho giocato in Italia, sono felice di poter tornare sul parquet<\/em>\u201d.<\/p>\n<p style=\"text-align: justify\">Arrivano alla Nuova Pallacanestro Messina anche gli atleti Lucio Cocuzza e Santiago Sartor. Per Cocuzza (<em>nella foto in alto<\/em>) si tratta di un ritorno dopo la mezza stagione 2019\/2020 trascorsa all\u2019Affrico in D toscana, l\u2019esterno classe 1996 \u00e8 un play\/guardia di 180 cm ed \u00e8 cresciuto nel Peppino Cocuzza San Filippo del Mela dove ha disputato da senior tutti i campionati di serie C a partire dal 2011\/2012.<\/p>\n<p style=\"text-align: justify\">\u201c<em>Sono reduce da un\u2019esperienza interessante e curiosa<\/em> \u2013 spiega Cocuzza &#8211; <em>non ero mai stato fuori a giocare, ho trovato un campionato diverso, fatto per lo pi\u00f9 da tanti giovani, con diverso <\/em><em>approccio alla pallacanestro sia fisico tecnico e mentale. La C Silver siciliana di quest&#8217;anno sar\u00e0 particolare non tanto per il minor numero di squadre ma per l&#8217;atmosfera che ci accompagner\u00e0 per <\/em><em>tutta la durata della stagione. Nella \u201cbolla\u201d dei palazzetti vuoti ci saremo solo noi atleti e lo staff tecnico, mancher\u00e0 quella componente emotiva che un palazzetto pieno riesce a dare in una <\/em><em>partita tirata o in un derby. Proprio ai tanti derby previsti dal calendario va il mio pensiero, giocare in un palazzetto che sarebbe stato sicuramente stracolmo sarebbe stato tutta un\u2019altra cosa ed \u00e8 <\/em><em>un vero peccato che non sar\u00e0 cos\u00ec. Sono pronto a tornare in campo mentalmente e fisicamente \u2013 <\/em>conclude il play<em> &#8211; voglio vincere con la squadra e ringrazio la societ\u00e0 e lo staff tecnico perch\u00e9 stanno <\/em><em>credendo in me\u201d.<\/em><\/p>\n<div id=\"attachment_53748\" style=\"width: 310px\" class=\"wp-caption alignleft\"><img aria-describedby=\"caption-attachment-53748\" loading=\"lazy\" class=\"size-medium wp-image-53748\" src=\"https:\/\/www.messinaoggi.it\/website\/wp-content\/uploads\/2021\/02\/Santiago_Sartor_NPMC-300x272.jpg\" alt=\"\" width=\"300\" height=\"272\" \/><p id=\"caption-attachment-53748\" class=\"wp-caption-text\"><strong><em>Santiago Sartor<\/em><\/strong><\/p><\/div>\n<p style=\"text-align: justify\">L\u2019altro acquisto Santiago Sartor, argentino classe 2002, 194 cm di altezza, si presenta cos\u00ec: \u201c<em>In campo ricopro la posizione di guardia\/ala piccola, mi approccio con grande entusiasmo alla mia <\/em><em>prima esperienza europea. L\u2019obiettivo stagionale \u00e8 quello di arrivare il pi\u00f9 in alto possibile con la squadra, a livello personale spero di poter sfruttare al massimo questo torneo per imparare il pi\u00f9 <\/em><em>possibile\u201d.<\/em><\/p>\n","protected":false},"excerpt":{"rendered":"<p>La JustMary Messina completa il roster acquisendo le prestazioni degli atleti Lucio Cocuzza, Santiago Sartor e del lituano Matas Budrys Matas Budrys vanta un otrtimo curriculum. Il giocatore classe 1996, 198 cm di altezza, si \u00e8 svincolato dalla formazione pugliese dell\u2019Air Basket Termoli che ha rinunciato alla partecipazione al torneo di serie C gold ed [&hellip;]<\/p>\n","protected":false},"author":17,"featured_media":53747,"comment_status":"closed","ping_status":"closed","sticky":false,"template":"","format":"standard","meta":{"ub_ctt_via":"","_mi_skip_tracking":false},"categories":[8,9],"tags":[550,349],"featured_image_src":"https:\/\/www.messinaoggi.it\/website\/wp-content\/uploads\/2021\/02\/Lucio-Cocuzza-photo-archivio-fotografico-filippese-salvatore-cambria.jpg","author_info":{"display_name":"Giuseppe Luppino","author_link":"https:\/\/www.messinaoggi.it\/website\/author\/g-luppino\/"},"digistream_id":0,"digistream":false,"_links":{"self":[{"href":"https:\/\/www.messinaoggi.it\/website\/wp-json\/wp\/v2\/posts\/53684"}],"collection":[{"href":"https:\/\/www.messinaoggi.it\/website\/wp-json\/wp\/v2\/posts"}],"about":[{"href":"https:\/\/www.messinaoggi.it\/website\/wp-json\/wp\/v2\/types\/post"}],"author":[{"embeddable":true,"href":"https:\/\/www.messinaoggi.it\/website\/wp-json\/wp\/v2\/users\/17"}],"replies":[{"embeddable":true,"href":"https:\/\/www.messinaoggi.it\/website\/wp-json\/wp\/v2\/comments?post=53684"}],"version-history":[{"count":0,"href":"https:\/\/www.messinaoggi.it\/website\/wp-json\/wp\/v2\/posts\/53684\/revisions"}],"wp:featuredmedia":[{"embeddable":true,"href":"https:\/\/www.messinaoggi.it\/website\/wp-json\/wp\/v2\/media\/53747"}],"wp:attachment":[{"href":"https:\/\/www.messinaoggi.it\/website\/wp-json\/wp\/v2\/media?parent=53684"}],"wp:term":[{"taxonomy":"category","embeddable":true,"href":"https:\/\/www.messinaoggi.it\/website\/wp-json\/wp\/v2\/categories?post=53684"},{"taxonomy":"post_tag","embeddable":true,"href":"https:\/\/www.messinaoggi.it\/website\/wp-json\/wp\/v2\/tags?post=53684"}],"curies":[{"name":"wp","href":"https:\/\/api.w.org\/{rel}","templated":true}]}}