{"id":5365,"date":"2017-07-24T20:39:50","date_gmt":"2017-07-24T18:39:50","guid":{"rendered":"http:\/\/www.messinaoggi.it\/website\/?p=5365"},"modified":"2017-07-24T20:39:50","modified_gmt":"2017-07-24T18:39:50","slug":"il-camaro-annuncia-gianluca-gazze-e-daniele-pantano","status":"publish","type":"post","link":"https:\/\/www.messinaoggi.it\/website\/2017\/07\/24\/il-camaro-annuncia-gianluca-gazze-e-daniele-pantano\/","title":{"rendered":"Il Camaro annuncia Gianluca Gazz\u00e8 e Daniele Pantano"},"content":{"rendered":"<div>\n<p style=\"text-align: justify\"><span style=\"font-family: 'arial' , 'helvetica' , sans-serif\">Sono <strong>Gianluca Gazz\u00e8<\/strong> e <strong>Daniele Pantano<\/strong> gli ultimi due arrivi ufficializzati\u00a0in serata dall&#8217;<strong>Usd Camaro 1969 (Calcio, Eccellenza)<\/strong>.<\/span><div id=\"div-gpt-ad-Messinaoggi.it-DSK-300x250-corpoart\" style=\"text-align:center;margin:0 auto;\"><\/div><\/p>\n<\/div>\n<div>\n<p style=\"text-align: justify\"><span style=\"font-family: 'arial' , 'helvetica' , sans-serif\">Attaccante classe \u201999, Pantano \u00e8\u00a0cresciuto nel settore giovanile del Citt\u00e0 di Messina ma\u00a0con la maglia dell\u2019F24 (Prima Categoria), ha collezionato 24 gettoni di presenza siglando 3 gol. Nel 2015\/16\u00a0ventuno gare disputate e 4 reti con la Peloro Annunziata, in Seconda Categoria.<\/span><div id=\"videoincontent\" style=\"clear:both\";><\/div><\/p>\n<div style=\"text-align: justify\"><span style=\"font-family: 'arial' , 'helvetica' , sans-serif\">Gazz\u00e8 \u00e8 invece\u00a0un\u00a0duttile esterno classe &#8217;94,\u00a0impiegabile prevalentemente\u00a0sulla fascia sinistra ma anche\u00a0in\u00a0altre zone del campo\u00a0e persino\u00a0da mezzala. Ha collezionato 35 presenze nei due tornei di Eccellenza fin qui disputati in carriera: 27 partite giocate durante la scorsa annata con la maglia del Pistunina, condite da 4 reti, e 8 nella stagione 2013\/2014 a Taormina.\u00a0Cresciuto calcisticamente nel settore giovanile del Catania, al suo attivo figurano\u00a0anche due campionati nella formazione Berretti del Milazzo e altrettanti in Seconda Categoria con l&#8217;F24 Messina.<\/span><\/div>\n<div style=\"text-align: justify\">\n<span style=\"font-family: 'arial' , 'helvetica' , sans-serif\">&#8220;<em>Ho scelto il Camaro p<\/em><span class=\"_3oh- _58nk\"><em>erch\u00e9 qui ho molti amici <\/em>&#8211; spiega Gianluca -, <em>il gruppo per me \u00e8 la prima cosa. \u00c8 arrivato un grande mister, sono stati fatti grandi acquisti e questo non ha fatto altro che alimentare il mio entusiasmo nel fare parte di questo progetto. Ne ho parlato pure molto con Carmine (Coppola, ndr)\u00a0e abbiamo preso questa decisione insieme, dato che prima di ogni decisione\u00a0mi consulto\u00a0sempre con lui&#8221;. <\/em><\/span><\/span>\n<\/div>\n<div style=\"text-align: justify\">\n<span class=\"_3oh- _58nk\"><strong>Deluso per non aver potuto raggiungere almeno la Serie D, com&#8217;era nelle tue aspettative?<\/strong><\/span>\n<\/div>\n<div style=\"text-align: justify\">\n\u00a0&#8220;<em>A<\/em><span class=\"_3oh- _58nk\"><em>ssolutamente no, tutto arriver\u00e0 al momento giusto. Non sono assolutamente preoccupato, ma\u00a0solo felice di iniziare questo nuovo percorso<\/em>&#8220;.<\/span>\n<\/div>\n<div style=\"text-align: justify\">\u00a0<strong><span class=\"_3oh- _58nk\">Dove pu\u00f2 arrivare questo Camaro? <\/span><span class=\"_3oh- _58nk\">E cosa ti aspetti a livello personale?<\/span><\/strong><\/div>\n<div style=\"text-align: justify\">\u00a0<span class=\"_3oh- _58nk\">&#8220;<em>A parer mio\u00a0<\/em><em> in questo campionato <\/em><em>possiamo dire la nostra e divertirci molto. A livello personale, vedendo la squadra sono sicuro di poter fare molto bene in quanto\u00a0gli stimoli sono tanti. Spero di poter fare ancora di pi\u00f9 di ci\u00f2 che ho fatto l&#8217;anno scorso. Ripeto, un grande mister, una grande squadra, un&#8217;ottima societ\u00e0 e tanti amici, pi\u00f9 di questo non potevo chiedere. Non vedo l&#8217;ora di riprendermi e di poter iniziare subito&#8221;.<\/em><\/span><\/div>\n<div><\/div>\n<\/div>\n","protected":false},"excerpt":{"rendered":"<p>Sono Gianluca Gazz\u00e8 e Daniele Pantano gli ultimi due arrivi ufficializzati\u00a0in serata dall&#8217;Usd Camaro 1969 (Calcio, Eccellenza). Attaccante classe \u201999, Pantano \u00e8\u00a0cresciuto nel settore giovanile del Citt\u00e0 di Messina ma\u00a0con la maglia dell\u2019F24 (Prima Categoria), ha collezionato 24 gettoni di presenza siglando 3 gol. Nel 2015\/16\u00a0ventuno gare disputate e 4 reti con la Peloro Annunziata, [&hellip;]<\/p>\n","protected":false},"author":9,"featured_media":5366,"comment_status":"closed","ping_status":"open","sticky":false,"template":"","format":"standard","meta":{"ub_ctt_via":"","_mi_skip_tracking":false},"categories":[10,9],"tags":[],"featured_image_src":"https:\/\/www.messinaoggi.it\/website\/wp-content\/uploads\/2017\/07\/1776_GraficaGazzeePantano-2.jpg","author_info":{"display_name":"Roberto Santoro","author_link":"https:\/\/www.messinaoggi.it\/website\/author\/r-santoro\/"},"digistream_id":0,"digistream":false,"_links":{"self":[{"href":"https:\/\/www.messinaoggi.it\/website\/wp-json\/wp\/v2\/posts\/5365"}],"collection":[{"href":"https:\/\/www.messinaoggi.it\/website\/wp-json\/wp\/v2\/posts"}],"about":[{"href":"https:\/\/www.messinaoggi.it\/website\/wp-json\/wp\/v2\/types\/post"}],"author":[{"embeddable":true,"href":"https:\/\/www.messinaoggi.it\/website\/wp-json\/wp\/v2\/users\/9"}],"replies":[{"embeddable":true,"href":"https:\/\/www.messinaoggi.it\/website\/wp-json\/wp\/v2\/comments?post=5365"}],"version-history":[{"count":0,"href":"https:\/\/www.messinaoggi.it\/website\/wp-json\/wp\/v2\/posts\/5365\/revisions"}],"wp:featuredmedia":[{"embeddable":true,"href":"https:\/\/www.messinaoggi.it\/website\/wp-json\/wp\/v2\/media\/5366"}],"wp:attachment":[{"href":"https:\/\/www.messinaoggi.it\/website\/wp-json\/wp\/v2\/media?parent=5365"}],"wp:term":[{"taxonomy":"category","embeddable":true,"href":"https:\/\/www.messinaoggi.it\/website\/wp-json\/wp\/v2\/categories?post=5365"},{"taxonomy":"post_tag","embeddable":true,"href":"https:\/\/www.messinaoggi.it\/website\/wp-json\/wp\/v2\/tags?post=5365"}],"curies":[{"name":"wp","href":"https:\/\/api.w.org\/{rel}","templated":true}]}}