{"id":53641,"date":"2021-02-24T10:33:15","date_gmt":"2021-02-24T09:33:15","guid":{"rendered":"https:\/\/www.messinaoggi.it\/website\/?p=53641"},"modified":"2021-02-24T10:33:15","modified_gmt":"2021-02-24T09:33:15","slug":"ugl-la-campagna-vaccinazione-prosegue-a-rilento","status":"publish","type":"post","link":"https:\/\/www.messinaoggi.it\/website\/2021\/02\/24\/ugl-la-campagna-vaccinazione-prosegue-a-rilento\/","title":{"rendered":"Ugl, la campagna vaccinazione prosegue a rilento"},"content":{"rendered":"<p style=\"text-align: justify;\">&#8220;Le notizie che giornalmente giungono sulla fornitura di vaccini e la conseguente prosecuzione a rilento della campagna di vaccinazione anti Covid-19 stanno, inevitabilmente, continuando ad alimentare uno stato di incertezza e di preoccupazione, mentre il virus avanza inesorabilmente. Davanti ad uno scenario del genere anche la Sicilia non pu\u00f2 rimanere a guardare ed aspettare, iniziando invece ad immaginare soluzioni alternative per superare questa criticit\u00e0.&#8221;<div id=\"div-gpt-ad-Messinaoggi.it-DSK-300x250-corpoart\" style=\"text-align:center;margin:0 auto;\"><\/div><\/p>\n<p style=\"text-align: justify;\">Lo affermano il segretario <strong>Carmelo Urz\u00ec<\/strong>, ed il segretario dei medici <strong>Raffaele Lanteri<\/strong>, della federazione regionale Ugl salute commentando la fase di rallentamento che fa registrare ogni giorno l&#8217;attivit\u00e0 di inoculazione dei vaccini. &#8220;Siamo in ritardo di almeno un mese sulla tabella di marcia, visto che solo la scorsa settimana \u00e8 iniziata la somministrazione per gli over 80 e per le forze dell&#8217;ordine. Non abbiamo, invece, dati certi sul completamento dell&#8217;intero comparto degli operatori medici e sanitari (del pubblico e del privato), cos\u00ec come non si ha certezza sulla totale copertura dei dipendenti e degli ospiti delle residenze sanitarie assistite, delle comunit\u00e0 terapeutiche e delle case di riposo. Il tutto quando ancora non si intravede un tempo certo per la\u00a0 vaccinazione dei soggetti fragili (ovvero disabili psichici e fisici ed i malati oncologici) che, a nostro giudizio, avrebbero dovuto gi\u00e0 essere coperte dal vaccino. Siamo consapevoli che il sistema sanitario regionale si \u00e8 rivelato pi\u00f9 efficiente rispetto a quello di altre regioni, ma temiamo fortemente che di questo passo i tempi possano diventare pi\u00f9 lunghi del normale, rendendo vana la campagna avviata &#8211; fanno notare Urz\u00ec e Lanteri. A questo punto pensiamo che la nostra Regione debba iniziare a guardarsi attorno per reperire quante pi\u00f9 scorte \u00e8 possibile, cos\u00ec da avviare un vero e proprio programma di vaccinazioni di massa. Il rimanere agganciati al contesto nazionale in termini di acquisizione delle dosi inviate dall&#8217;Unione Europea, \u00e8 per noi la strada maestra\u00a0 soltanto che, davanti all&#8217;evidente carenza di prospettive valide ed immediate, crediamo che ognuno sar\u00e0 costretto ad fare scorte in autonomia, come gi\u00e0 stanno ipotizzando altre realt\u00e0 regionali, seppur con la consapevolezza che una corsa di questo tipo aumenterebbe i cosi e creerebbe sperequazioni sul territorio. Urge vaccinare e mettere in sicurezza il territorio &#8211; aggiungono i due sindacalisti &#8211; e, per questo, facciamo appello affinch\u00e8 anche altri vaccini (come ad esempio quello prodotto in Russia, quello di Johnson &amp; Johnson o meglio ancora quello italiano Reithera) abbiano il via libera in tempi celeri. Ci rivolgiamo quindi al presidente Nello Musumeci perch\u00e8 sulla questione faccia sentire forte la voce dei siciliani, che chiedono protezione e vaccinazioni per ripartire a livello sociale ed economico, evitando nuove tragiche chiusure.&#8221;<div id=\"videoincontent\" style=\"clear:both\";><\/div><\/p>\n","protected":false},"excerpt":{"rendered":"<p>&#8220;Le notizie che giornalmente giungono sulla fornitura di vaccini e la conseguente prosecuzione a rilento della campagna di vaccinazione anti Covid-19 stanno, inevitabilmente, continuando ad alimentare uno stato di incertezza e di preoccupazione, mentre il virus avanza inesorabilmente. Davanti ad uno scenario del genere anche la Sicilia non pu\u00f2 rimanere a guardare ed aspettare, iniziando [&hellip;]<\/p>\n","protected":false},"author":2,"featured_media":7248,"comment_status":"closed","ping_status":"closed","sticky":false,"template":"","format":"standard","meta":{"ub_ctt_via":"","_mi_skip_tracking":false},"categories":[11],"tags":[],"featured_image_src":"https:\/\/www.messinaoggi.it\/website\/wp-content\/uploads\/2017\/09\/vaccini-2.jpg","author_info":{"display_name":"Redazione","author_link":"https:\/\/www.messinaoggi.it\/website\/author\/redazione\/"},"digistream_id":0,"digistream":false,"_links":{"self":[{"href":"https:\/\/www.messinaoggi.it\/website\/wp-json\/wp\/v2\/posts\/53641"}],"collection":[{"href":"https:\/\/www.messinaoggi.it\/website\/wp-json\/wp\/v2\/posts"}],"about":[{"href":"https:\/\/www.messinaoggi.it\/website\/wp-json\/wp\/v2\/types\/post"}],"author":[{"embeddable":true,"href":"https:\/\/www.messinaoggi.it\/website\/wp-json\/wp\/v2\/users\/2"}],"replies":[{"embeddable":true,"href":"https:\/\/www.messinaoggi.it\/website\/wp-json\/wp\/v2\/comments?post=53641"}],"version-history":[{"count":0,"href":"https:\/\/www.messinaoggi.it\/website\/wp-json\/wp\/v2\/posts\/53641\/revisions"}],"wp:featuredmedia":[{"embeddable":true,"href":"https:\/\/www.messinaoggi.it\/website\/wp-json\/wp\/v2\/media\/7248"}],"wp:attachment":[{"href":"https:\/\/www.messinaoggi.it\/website\/wp-json\/wp\/v2\/media?parent=53641"}],"wp:term":[{"taxonomy":"category","embeddable":true,"href":"https:\/\/www.messinaoggi.it\/website\/wp-json\/wp\/v2\/categories?post=53641"},{"taxonomy":"post_tag","embeddable":true,"href":"https:\/\/www.messinaoggi.it\/website\/wp-json\/wp\/v2\/tags?post=53641"}],"curies":[{"name":"wp","href":"https:\/\/api.w.org\/{rel}","templated":true}]}}