{"id":53613,"date":"2021-02-23T18:24:28","date_gmt":"2021-02-23T17:24:28","guid":{"rendered":"https:\/\/www.messinaoggi.it\/website\/?p=53613"},"modified":"2021-02-23T18:24:28","modified_gmt":"2021-02-23T17:24:28","slug":"incidente-sulla-sp-muore-un-ciclista","status":"publish","type":"post","link":"https:\/\/www.messinaoggi.it\/website\/2021\/02\/23\/incidente-sulla-sp-muore-un-ciclista\/","title":{"rendered":"Incidente sulla Sp, muore un ciclista"},"content":{"rendered":"<p>\u00c8 ancora tutta da accertare la dinamica dell&#8217;incidente che nel pomeriggio \u00e8 costato la vita ad un ciclista. Lo scontro \u00e8 avvenuto alle porte di Gualtieri Sicamin\u00f2.<br \/>\nSembrerebbe &#8211; il condizionale \u00e8 d&#8217;obbligo &#8211; che il ciclista sia stato urtato da un camion impegnato nei lavori di messa in sicurezza della strada provinciale recentemente appaltati dalla Citt\u00e0 metropolitana di Messina. Vano l&#8217;intervento del 118.<br \/>\nSulla vicenda indagano i carabinieri.<div id=\"div-gpt-ad-Messinaoggi.it-DSK-300x250-corpoart\" style=\"text-align:center;margin:0 auto;\"><\/div><\/p>\n<div id=\"videoincontent\" style=\"clear:both\";><\/div>","protected":false},"excerpt":{"rendered":"<p>\u00c8 ancora tutta da accertare la dinamica dell&#8217;incidente che nel pomeriggio \u00e8 costato la vita ad un ciclista. Lo scontro \u00e8 avvenuto alle porte di Gualtieri Sicamin\u00f2. Sembrerebbe &#8211; il condizionale \u00e8 d&#8217;obbligo &#8211; che il ciclista sia stato urtato da un camion impegnato nei lavori di messa in sicurezza della strada provinciale recentemente appaltati [&hellip;]<\/p>\n","protected":false},"author":4,"featured_media":53636,"comment_status":"closed","ping_status":"closed","sticky":false,"template":"","format":"standard","meta":{"ub_ctt_via":"","_mi_skip_tracking":false},"categories":[19],"tags":[],"featured_image_src":"https:\/\/www.messinaoggi.it\/website\/wp-content\/uploads\/2021\/02\/6A35926C-F9EF-40CD-9C64-12F3CAADD950.jpeg","author_info":{"display_name":"redme","author_link":"https:\/\/www.messinaoggi.it\/website\/author\/redme\/"},"digistream_id":0,"digistream":false,"_links":{"self":[{"href":"https:\/\/www.messinaoggi.it\/website\/wp-json\/wp\/v2\/posts\/53613"}],"collection":[{"href":"https:\/\/www.messinaoggi.it\/website\/wp-json\/wp\/v2\/posts"}],"about":[{"href":"https:\/\/www.messinaoggi.it\/website\/wp-json\/wp\/v2\/types\/post"}],"author":[{"embeddable":true,"href":"https:\/\/www.messinaoggi.it\/website\/wp-json\/wp\/v2\/users\/4"}],"replies":[{"embeddable":true,"href":"https:\/\/www.messinaoggi.it\/website\/wp-json\/wp\/v2\/comments?post=53613"}],"version-history":[{"count":0,"href":"https:\/\/www.messinaoggi.it\/website\/wp-json\/wp\/v2\/posts\/53613\/revisions"}],"wp:featuredmedia":[{"embeddable":true,"href":"https:\/\/www.messinaoggi.it\/website\/wp-json\/wp\/v2\/media\/53636"}],"wp:attachment":[{"href":"https:\/\/www.messinaoggi.it\/website\/wp-json\/wp\/v2\/media?parent=53613"}],"wp:term":[{"taxonomy":"category","embeddable":true,"href":"https:\/\/www.messinaoggi.it\/website\/wp-json\/wp\/v2\/categories?post=53613"},{"taxonomy":"post_tag","embeddable":true,"href":"https:\/\/www.messinaoggi.it\/website\/wp-json\/wp\/v2\/tags?post=53613"}],"curies":[{"name":"wp","href":"https:\/\/api.w.org\/{rel}","templated":true}]}}