{"id":53522,"date":"2021-02-22T09:40:05","date_gmt":"2021-02-22T08:40:05","guid":{"rendered":"https:\/\/www.messinaoggi.it\/website\/?p=53522"},"modified":"2021-02-22T09:40:05","modified_gmt":"2021-02-22T08:40:05","slug":"mercato-zaera-stravolto-il-progetto-originario","status":"publish","type":"post","link":"https:\/\/www.messinaoggi.it\/website\/2021\/02\/22\/mercato-zaera-stravolto-il-progetto-originario\/","title":{"rendered":"Mercato Zaera, stravolto il progetto originario?"},"content":{"rendered":"<p style=\"text-align: justify;\">Quello che vedete nella foto di copertina \u00e8 il progetto originario dell&#8217;ex mercato Zaera, la cui consegna avverr\u00e0 entro la fine del mese entrante. La fotografia di seguito \u00e8 stata scattata nei giorni scorsi e mostra una struttura, almeno da un punto di vista estetico, che \u00e8 completamente diversa rispetto al rendering &#8220;pubblicizzato&#8221; da Palazzo Zanca.<div id=\"div-gpt-ad-Messinaoggi.it-DSK-300x250-corpoart\" style=\"text-align:center;margin:0 auto;\"><\/div><\/p>\n<p style=\"text-align: justify;\"><img loading=\"lazy\" class=\"wp-image-53519 alignright\" src=\"https:\/\/www.messinaoggi.it\/website\/wp-content\/uploads\/2021\/02\/18992CF8-0AC6-4306-9002-A4C02310851E-300x169.jpeg\" alt=\"\" width=\"1333\" height=\"750\" \/><div id=\"videoincontent\" style=\"clear:both\";><\/div><\/p>\n<p style=\"text-align: justify;\">La riqualificazione del mercato, per dovere di cronaca, \u00e8 stata appaltata dall&#8217;amministrazione guidata dal sindaco Renato Accorinti, e che ne possa dire il suo successore Cateno De Luca, il quale sar\u00e0 prontissimo per propinare alla citt\u00e0 una diretta Fb per attribuirsi i meriti, l&#8217;opra ha una paternit\u00e0 certa.<\/p>\n<p style=\"text-align: justify;\">Il tema di questo articolo \u00e8 comunque l&#8217;aspetto estetico di un manufatto che rappresenta &#8211; a meno che nei prossimi giorni non si completer\u00e0 il progetto originario &#8211; un pugno nell&#8217;occhio. Pi\u00f9 che un moderno mercato, quella struttura che sorge su viale Europa, somiglia ad una moderna &#8220;baraccopoli&#8221;. Stupisce che professionisti messinesi non abbiano ancora fatto sentire le propria voce, dal momento che l&#8217;immagine che l&#8217;ex mercato d\u00e0 di s\u00e9 non \u00e8 per nulla confacente allo stile di una citt\u00e0 che rivolge lo sguardo al futuro.<\/p>\n<p style=\"text-align: justify;\">E ci sarebbero sul piede di guerra anche gli operatori commerciali, i quali si aspettavano una struttura completamente diversa rispetto a quella che \u00e8 allo stato attuale. Il progetto originario riprodotto nei rendering che alleghiamo all&#8217;articolo, dice tutt&#8217;altro rispetto a ci\u00f2 che il nuovo mercato \u00e8 nella realt\u00e0 dei fatti. Possibile che nessun assessore della nuova giunta municipale abbia visionato quel progetto?<\/p>\n<p style=\"text-align: justify;\"><img loading=\"lazy\" class=\"alignnone wp-image-53517\" src=\"https:\/\/www.messinaoggi.it\/website\/wp-content\/uploads\/2021\/02\/9157A8D6-BC5B-4C0F-AC1F-353640C4EF78-300x153.jpeg\" alt=\"\" width=\"1382\" height=\"705\" \/><\/p>\n<p style=\"text-align: justify;\">Se cos\u00ec fosse saremmo di fronte ad un fatto di una gravit\u00e0 assoluta. Ma vorremmo sbagliarci, anzi non abbiamo motivo di sbagliarci e confidiamo nel completamento della struttura che rispecchi fedelmente il progetto, approvato dalla giunta Accorinti.<\/p>\n","protected":false},"excerpt":{"rendered":"<p>Quello che vedete nella foto di copertina \u00e8 il progetto originario dell&#8217;ex mercato Zaera, la cui consegna avverr\u00e0 entro la fine del mese entrante. La fotografia di seguito \u00e8 stata scattata nei giorni scorsi e mostra una struttura, almeno da un punto di vista estetico, che \u00e8 completamente diversa rispetto al rendering &#8220;pubblicizzato&#8221; da Palazzo [&hellip;]<\/p>\n","protected":false},"author":2,"featured_media":10130,"comment_status":"closed","ping_status":"closed","sticky":false,"template":"","format":"standard","meta":{"ub_ctt_via":"","_mi_skip_tracking":false},"categories":[19],"tags":[],"featured_image_src":"https:\/\/www.messinaoggi.it\/website\/wp-content\/uploads\/2017\/10\/Mercato-Zaera-nel-progetto-Mercati-verdi-messinaoggiMR.jpg","author_info":{"display_name":"Redazione","author_link":"https:\/\/www.messinaoggi.it\/website\/author\/redazione\/"},"digistream_id":0,"digistream":false,"_links":{"self":[{"href":"https:\/\/www.messinaoggi.it\/website\/wp-json\/wp\/v2\/posts\/53522"}],"collection":[{"href":"https:\/\/www.messinaoggi.it\/website\/wp-json\/wp\/v2\/posts"}],"about":[{"href":"https:\/\/www.messinaoggi.it\/website\/wp-json\/wp\/v2\/types\/post"}],"author":[{"embeddable":true,"href":"https:\/\/www.messinaoggi.it\/website\/wp-json\/wp\/v2\/users\/2"}],"replies":[{"embeddable":true,"href":"https:\/\/www.messinaoggi.it\/website\/wp-json\/wp\/v2\/comments?post=53522"}],"version-history":[{"count":0,"href":"https:\/\/www.messinaoggi.it\/website\/wp-json\/wp\/v2\/posts\/53522\/revisions"}],"wp:featuredmedia":[{"embeddable":true,"href":"https:\/\/www.messinaoggi.it\/website\/wp-json\/wp\/v2\/media\/10130"}],"wp:attachment":[{"href":"https:\/\/www.messinaoggi.it\/website\/wp-json\/wp\/v2\/media?parent=53522"}],"wp:term":[{"taxonomy":"category","embeddable":true,"href":"https:\/\/www.messinaoggi.it\/website\/wp-json\/wp\/v2\/categories?post=53522"},{"taxonomy":"post_tag","embeddable":true,"href":"https:\/\/www.messinaoggi.it\/website\/wp-json\/wp\/v2\/tags?post=53522"}],"curies":[{"name":"wp","href":"https:\/\/api.w.org\/{rel}","templated":true}]}}