{"id":53475,"date":"2021-02-21T19:27:07","date_gmt":"2021-02-21T18:27:07","guid":{"rendered":"https:\/\/www.messinaoggi.it\/website\/?p=53475"},"modified":"2021-02-21T19:27:07","modified_gmt":"2021-02-21T18:27:07","slug":"razza-ricoveri-covid-sotto-le-mille-unita-segnale-molto-incoraggiante","status":"publish","type":"post","link":"https:\/\/www.messinaoggi.it\/website\/2021\/02\/21\/razza-ricoveri-covid-sotto-le-mille-unita-segnale-molto-incoraggiante\/","title":{"rendered":"Razza: &quot;Ricoveri Covid sotto le mille unit\u00e0, segnale molto incoraggiante&quot;"},"content":{"rendered":"<p>Il Coronavirus sembra rallentare in Sicilia ed induce ad un cauto ottimismo. Lo conferma il post sui social dell&#8217;assessore regionale alla Salute, Ruggero Razza: &#8220;Oggi, dopo settimane difficilissime, il dato dei ricoveri Covid in Sicilia scende sotto le mille unit\u00e0. Per carit\u00e0, nulla da festeggiare, ma \u00e8 un segnale certamente molto incoraggiante.<br \/>\nSappiamo che i comportamenti individuali producono effetti nella gestione della pandemia &#8211; spiega Razza -. Per questo &#8211; a costo di essere noiosamente ripetitivo &#8211; faccio appello alla responsabilit\u00e0 di ciascuno affinch\u00e9 non vengano vanificati gli sforzi ed i sacrifici che tutti abbiamo fatto&#8221;.<div id=\"div-gpt-ad-Messinaoggi.it-DSK-300x250-corpoart\" style=\"text-align:center;margin:0 auto;\"><\/div><\/p>\n<div id=\"videoincontent\" style=\"clear:both\";><\/div>","protected":false},"excerpt":{"rendered":"<p>Il Coronavirus sembra rallentare in Sicilia ed induce ad un cauto ottimismo. Lo conferma il post sui social dell&#8217;assessore regionale alla Salute, Ruggero Razza: &#8220;Oggi, dopo settimane difficilissime, il dato dei ricoveri Covid in Sicilia scende sotto le mille unit\u00e0. Per carit\u00e0, nulla da festeggiare, ma \u00e8 un segnale certamente molto incoraggiante. Sappiamo che i [&hellip;]<\/p>\n","protected":false},"author":4,"featured_media":53476,"comment_status":"closed","ping_status":"closed","sticky":false,"template":"","format":"standard","meta":{"ub_ctt_via":"","_mi_skip_tracking":false},"categories":[221],"tags":[],"featured_image_src":"https:\/\/www.messinaoggi.it\/website\/wp-content\/uploads\/2021\/02\/assessore-ruggero-razza-alla-salute.jpg","author_info":{"display_name":"redme","author_link":"https:\/\/www.messinaoggi.it\/website\/author\/redme\/"},"digistream_id":0,"digistream":false,"_links":{"self":[{"href":"https:\/\/www.messinaoggi.it\/website\/wp-json\/wp\/v2\/posts\/53475"}],"collection":[{"href":"https:\/\/www.messinaoggi.it\/website\/wp-json\/wp\/v2\/posts"}],"about":[{"href":"https:\/\/www.messinaoggi.it\/website\/wp-json\/wp\/v2\/types\/post"}],"author":[{"embeddable":true,"href":"https:\/\/www.messinaoggi.it\/website\/wp-json\/wp\/v2\/users\/4"}],"replies":[{"embeddable":true,"href":"https:\/\/www.messinaoggi.it\/website\/wp-json\/wp\/v2\/comments?post=53475"}],"version-history":[{"count":0,"href":"https:\/\/www.messinaoggi.it\/website\/wp-json\/wp\/v2\/posts\/53475\/revisions"}],"wp:featuredmedia":[{"embeddable":true,"href":"https:\/\/www.messinaoggi.it\/website\/wp-json\/wp\/v2\/media\/53476"}],"wp:attachment":[{"href":"https:\/\/www.messinaoggi.it\/website\/wp-json\/wp\/v2\/media?parent=53475"}],"wp:term":[{"taxonomy":"category","embeddable":true,"href":"https:\/\/www.messinaoggi.it\/website\/wp-json\/wp\/v2\/categories?post=53475"},{"taxonomy":"post_tag","embeddable":true,"href":"https:\/\/www.messinaoggi.it\/website\/wp-json\/wp\/v2\/tags?post=53475"}],"curies":[{"name":"wp","href":"https:\/\/api.w.org\/{rel}","templated":true}]}}