{"id":53391,"date":"2021-02-20T20:30:35","date_gmt":"2021-02-20T19:30:35","guid":{"rendered":"https:\/\/www.messinaoggi.it\/website\/?p=53391"},"modified":"2021-02-20T20:30:35","modified_gmt":"2021-02-20T19:30:35","slug":"karting-il-pilota-michael-paparo-apre-il-2021-internazionale-in-ok-nel-wsk","status":"publish","type":"post","link":"https:\/\/www.messinaoggi.it\/website\/2021\/02\/20\/karting-il-pilota-michael-paparo-apre-il-2021-internazionale-in-ok-nel-wsk\/","title":{"rendered":"KARTING &#8211; Il pilota Michael Paparo, del team Praga, apre il 2021 internazionale in OK nel WSK"},"content":{"rendered":"<p style=\"text-align: justify\">Il pilota ufficiale del Team Praga, dopo aver inaugurato l\u2019anno in kz 2 nel Campionato Regionale siciliano, prosegue la stagione sul mono marcia con grandi prospettive. Ad Adria sono presenti tutti i migliori di categoria per la Champions Cup. Dopo le qualifiche e le prime manche eliminatorie, domenica la fase clou con prefinali e finali.<div id=\"div-gpt-ad-Messinaoggi.it-DSK-300x250-corpoart\" style=\"text-align:center;margin:0 auto;\"><\/div><\/p>\n<p style=\"text-align: justify\">Michael Paparo ha presentato la sua stagione 2021 direttamente dalla pista di Adria, dove \u00e8 gi\u00e0 in gara per la Champions Cup, prova iniziale del WSK. In precedenza ha preso parte proficuamente alla kz 2 nel campionato siciliano in cui si \u00e8 messo subito in luce con un ottimo secondo posto in finale.<div id=\"videoincontent\" style=\"clear:both\";><\/div><\/p>\n<div id=\"attachment_53394\" style=\"width: 468px\" class=\"wp-caption alignright\"><img aria-describedby=\"caption-attachment-53394\" loading=\"lazy\" class=\" wp-image-53394\" src=\"https:\/\/www.messinaoggi.it\/website\/wp-content\/uploads\/2021\/02\/Paparo-2-300x200.jpg\" alt=\"\" width=\"458\" height=\"305\" \/><p id=\"caption-attachment-53394\" class=\"wp-caption-text\"><em><strong>Michael Paparo<\/strong><\/em><\/p><\/div>\n<p style=\"text-align: justify\">Il Wsk, come lui stesso ha voluto a sottolineare, sar\u00e0 un vero e proprio trampolino di lancio verso le quattro prove del campionato Europeo e la tappa brasiliana del mondiale a cui tutto il brand Praga tiene in particolar modo.<\/p>\n<p style=\"text-align: justify\">In realt\u00e0, la Champions Cup si \u00e8 presentata come una manifestazione di assoluto interesse internazionale dove Paparo affronter\u00e0, fra gli oltre settanta partecipanti, tutti i migliori della categoria OK.<\/p>\n<p style=\"text-align: justify\">Per questa gara, in base ai dati raccolti, il Team Praga ha addirittura adattato un set ad hoc\u00a0 che\u00a0\u00a0 il giovane siracusano ha potuto provare sin dalle libere dei giorni precedenti. Il tenace sedicenne ha subito avvertito sensazioni positive e miglioramenti concreti. Adesso si aspettano i riscontri cronometrici.<\/p>\n","protected":false},"excerpt":{"rendered":"<p>Il pilota ufficiale del Team Praga, dopo aver inaugurato l\u2019anno in kz 2 nel Campionato Regionale siciliano, prosegue la stagione sul mono marcia con grandi prospettive. Ad Adria sono presenti tutti i migliori di categoria per la Champions Cup. Dopo le qualifiche e le prime manche eliminatorie, domenica la fase clou con prefinali e finali. [&hellip;]<\/p>\n","protected":false},"author":17,"featured_media":53392,"comment_status":"closed","ping_status":"closed","sticky":false,"template":"","format":"standard","meta":{"ub_ctt_via":"","_mi_skip_tracking":false},"categories":[8,9],"tags":[163,418],"featured_image_src":"https:\/\/www.messinaoggi.it\/website\/wp-content\/uploads\/2021\/02\/Paparo.jpg","author_info":{"display_name":"Giuseppe Luppino","author_link":"https:\/\/www.messinaoggi.it\/website\/author\/g-luppino\/"},"digistream_id":0,"digistream":false,"_links":{"self":[{"href":"https:\/\/www.messinaoggi.it\/website\/wp-json\/wp\/v2\/posts\/53391"}],"collection":[{"href":"https:\/\/www.messinaoggi.it\/website\/wp-json\/wp\/v2\/posts"}],"about":[{"href":"https:\/\/www.messinaoggi.it\/website\/wp-json\/wp\/v2\/types\/post"}],"author":[{"embeddable":true,"href":"https:\/\/www.messinaoggi.it\/website\/wp-json\/wp\/v2\/users\/17"}],"replies":[{"embeddable":true,"href":"https:\/\/www.messinaoggi.it\/website\/wp-json\/wp\/v2\/comments?post=53391"}],"version-history":[{"count":0,"href":"https:\/\/www.messinaoggi.it\/website\/wp-json\/wp\/v2\/posts\/53391\/revisions"}],"wp:featuredmedia":[{"embeddable":true,"href":"https:\/\/www.messinaoggi.it\/website\/wp-json\/wp\/v2\/media\/53392"}],"wp:attachment":[{"href":"https:\/\/www.messinaoggi.it\/website\/wp-json\/wp\/v2\/media?parent=53391"}],"wp:term":[{"taxonomy":"category","embeddable":true,"href":"https:\/\/www.messinaoggi.it\/website\/wp-json\/wp\/v2\/categories?post=53391"},{"taxonomy":"post_tag","embeddable":true,"href":"https:\/\/www.messinaoggi.it\/website\/wp-json\/wp\/v2\/tags?post=53391"}],"curies":[{"name":"wp","href":"https:\/\/api.w.org\/{rel}","templated":true}]}}