{"id":53386,"date":"2021-02-19T22:36:23","date_gmt":"2021-02-19T21:36:23","guid":{"rendered":"https:\/\/www.messinaoggi.it\/website\/?p=53386"},"modified":"2021-02-19T22:36:23","modified_gmt":"2021-02-19T21:36:23","slug":"calcio-a-5-under-19-siac-messina-pronta-allesordio-di-domenica-contro-meta-catania","status":"publish","type":"post","link":"https:\/\/www.messinaoggi.it\/website\/2021\/02\/19\/calcio-a-5-under-19-siac-messina-pronta-allesordio-di-domenica-contro-meta-catania\/","title":{"rendered":"CALCIO A 5 UNDER 19 &#8211; Siac Messina pronta all&#039;esordio di domenica contro Meta Catania"},"content":{"rendered":"<p style=\"text-align: justify\">Prender\u00e0 il via domenica 21 febbraio il campionato nazionale Under 19 di calcio a 5, che vedr\u00e0 protagonisti tre soli club siciliani. Uno di questi \u00e8 la Siac Messina, che, credendo molto sul proprio vivaio, ha deciso di partecipare anche in un\u2019annata complicata dal covid-19.<div id=\"div-gpt-ad-Messinaoggi.it-DSK-300x250-corpoart\" style=\"text-align:center;margin:0 auto;\"><\/div><\/p>\n<p style=\"text-align: justify\">I biancazzurri, allenati da Salvatore D\u2019Urso e che hanno ben figurato in passato, se la vedranno con i coetanei di Meta Catania e Regalbuto; la formula prevede un mini girone \u201call\u2019italiana\u201d di andata e ritorno.<div id=\"videoincontent\" style=\"clear:both\";><\/div><\/p>\n<div id=\"attachment_53389\" style=\"width: 277px\" class=\"wp-caption alignleft\"><img aria-describedby=\"caption-attachment-53389\" loading=\"lazy\" class=\" wp-image-53389\" src=\"https:\/\/www.messinaoggi.it\/website\/wp-content\/uploads\/2021\/02\/Gabriele-Bruno-SIAC-MESSINA-1-200x300.jpeg\" alt=\"\" width=\"267\" height=\"401\" \/><p id=\"caption-attachment-53389\" class=\"wp-caption-text\"><em><strong>Gabriele Bruno, Siac Messina<\/strong><\/em><\/p><\/div>\n<p style=\"text-align: justify\">La prima classificata sar\u00e0 promossa al successivo turno interregionale. Il gruppo peloritano \u00e8 formato da diversi giocatori che fanno parte integrante della rosa di serie A2 e da interessanti prospetti, compresi due 2004. L\u2019esordio \u00e8 in programma sul campo della Meta Catania (ore 11), societ\u00e0 militante in A.<\/p>\n<div id=\"attachment_53387\" style=\"width: 456px\" class=\"wp-caption alignright\"><img aria-describedby=\"caption-attachment-53387\" loading=\"lazy\" class=\" wp-image-53387\" src=\"https:\/\/www.messinaoggi.it\/website\/wp-content\/uploads\/2021\/02\/Salvatore-La-Mendola-direttore-generale-SIAC-MESSINA-300x200.jpg\" alt=\"\" width=\"446\" height=\"297\" \/><p id=\"caption-attachment-53387\" class=\"wp-caption-text\"><strong><em>Salvatore La Mendola, DG Siac Messina<\/em><\/strong><\/p><\/div>\n<p style=\"text-align: justify\"><em>\u201cQuest\u2019anno il coronavirus ha creato a tutti delle difficolt\u00e0 <\/em>\u2013 dichiara il direttore generale Salvatore La Mendola \u2013 <em>i ragazzi ci tenevano parecchio a fare il loro torneo di pertinenza e la dirigenza li ha accontentati. Nonostante l\u2019adesione fosse facoltativa, noi l\u2019abbiamo data volentieri. Trovarci insieme a Meta Catania e Regalbuto \u00e8 motivo di orgoglio e vanto e faremo pure la Coppa Italia.<\/em> <em>Nel nostro progetto, rappresenta un ulteriore momento di crescita, al quale non potevamo rinunciare. Sarebbe stato un peccato dopo il lavoro portato avanti negli ultimi anni\u201d. <\/em><\/p>\n<p style=\"text-align: justify\">Come si presenta l\u2019organico? \u201c<em>Ci sono diversi elementi che hanno maturato gi\u00e0 una buona esperienza nell\u2019Under 19, abbiamo inserito dei sedicenni e stiamo formando dei validi 2005\u201d.\u00a0\u00a0\u00a0 <\/em><\/p>\n<p><strong>ORGANICO UNDER 19 SIAC MESSINA<\/strong>: Federico Venuto (P), Francesco Foscarini (P), Filippo Santoro (P); Andrea Nicolosi, Emanuel Aric\u00f2, Gabriele Bruno, Luca Colavita, Francesco Corrieri, Antonio Carmelo D\u2019Aleo, Alberto Di Marco, Damiano Di Rosa, Claudio Esposito, Antonio Farinella, Giovanni Silipigni, Manuel Zappia, Antonino Soffli e Christian Giorgianni.\u00a0 <em><strong>All<\/strong>.<\/em> Salvatore D\u2019Urso.<\/p>\n","protected":false},"excerpt":{"rendered":"<p>Prender\u00e0 il via domenica 21 febbraio il campionato nazionale Under 19 di calcio a 5, che vedr\u00e0 protagonisti tre soli club siciliani. Uno di questi \u00e8 la Siac Messina, che, credendo molto sul proprio vivaio, ha deciso di partecipare anche in un\u2019annata complicata dal covid-19. I biancazzurri, allenati da Salvatore D\u2019Urso e che hanno ben [&hellip;]<\/p>\n","protected":false},"author":17,"featured_media":53388,"comment_status":"closed","ping_status":"closed","sticky":false,"template":"","format":"standard","meta":{"ub_ctt_via":"","_mi_skip_tracking":false},"categories":[8,9],"tags":[392,540],"featured_image_src":"https:\/\/www.messinaoggi.it\/website\/wp-content\/uploads\/2021\/02\/Allenamento-UNDER-19-della-SIAC-MESSINA.jpg","author_info":{"display_name":"Giuseppe Luppino","author_link":"https:\/\/www.messinaoggi.it\/website\/author\/g-luppino\/"},"digistream_id":0,"digistream":false,"_links":{"self":[{"href":"https:\/\/www.messinaoggi.it\/website\/wp-json\/wp\/v2\/posts\/53386"}],"collection":[{"href":"https:\/\/www.messinaoggi.it\/website\/wp-json\/wp\/v2\/posts"}],"about":[{"href":"https:\/\/www.messinaoggi.it\/website\/wp-json\/wp\/v2\/types\/post"}],"author":[{"embeddable":true,"href":"https:\/\/www.messinaoggi.it\/website\/wp-json\/wp\/v2\/users\/17"}],"replies":[{"embeddable":true,"href":"https:\/\/www.messinaoggi.it\/website\/wp-json\/wp\/v2\/comments?post=53386"}],"version-history":[{"count":0,"href":"https:\/\/www.messinaoggi.it\/website\/wp-json\/wp\/v2\/posts\/53386\/revisions"}],"wp:featuredmedia":[{"embeddable":true,"href":"https:\/\/www.messinaoggi.it\/website\/wp-json\/wp\/v2\/media\/53388"}],"wp:attachment":[{"href":"https:\/\/www.messinaoggi.it\/website\/wp-json\/wp\/v2\/media?parent=53386"}],"wp:term":[{"taxonomy":"category","embeddable":true,"href":"https:\/\/www.messinaoggi.it\/website\/wp-json\/wp\/v2\/categories?post=53386"},{"taxonomy":"post_tag","embeddable":true,"href":"https:\/\/www.messinaoggi.it\/website\/wp-json\/wp\/v2\/tags?post=53386"}],"curies":[{"name":"wp","href":"https:\/\/api.w.org\/{rel}","templated":true}]}}