{"id":53369,"date":"2021-02-19T18:29:50","date_gmt":"2021-02-19T17:29:50","guid":{"rendered":"https:\/\/www.messinaoggi.it\/website\/?p=53369"},"modified":"2021-02-19T18:29:50","modified_gmt":"2021-02-19T17:29:50","slug":"la-paglia-sospeso-laccoto-il-commissario-nominato-dalla-regione-dia-risposte-importanti","status":"publish","type":"post","link":"https:\/\/www.messinaoggi.it\/website\/2021\/02\/19\/la-paglia-sospeso-laccoto-il-commissario-nominato-dalla-regione-dia-risposte-importanti\/","title":{"rendered":"La Paglia sospeso, Laccoto: &quot;Il commissario nominato dalla Regione dia risposte importanti&quot;"},"content":{"rendered":"<p style=\"font-weight: 400;\">Sulla sospensione del direttore generale dell\u2019Asp di Messina Paolo La Paglia scende in campo Giuseppe Laccoto, che nei giorni scorsi aveva avuto un botta e risposta proprio con il manager dell&#8217;Asp.<div id=\"div-gpt-ad-Messinaoggi.it-DSK-300x250-corpoart\" style=\"text-align:center;margin:0 auto;\"><\/div><\/p>\n<p style=\"font-weight: 400;\">&#8220;Non c\u2019\u00e8 da essere soddisfatti nella vicenda che ha portato alla sospensione del direttore generale dell\u2019Asp di Messina &#8211; precisa Laccoto -. C\u2019\u00e8 invece da lavorare molto per la sanit\u00e0 messinese. Il Commissario nominato dalla Regione dovr\u00e0 essere una personalit\u00e0 di spessore, in grado di dare risposte importanti in termini di efficienza e qualit\u00e0 dei servizi resi all\u2019utenza. Non parliamo solo dell\u2019emergenza Covid che deve essere affrontata con tempestivit\u00e0 e determinazione, ma i problemi riguardano pi\u00f9 in generale la carenza di personale in tutti gli ospedali della provincia e poi problemi strutturali che incidono negativamente a pi\u00f9 livelli, come \u00e8 stato denunciato ripetutamente. Non si pu\u00f2 fare la sanit\u00e0 senza medici e senza strumentazioni adeguate: si cominci da qui e si faccia in fretta\u201d.<div id=\"videoincontent\" style=\"clear:both\";><\/div><\/p>\n","protected":false},"excerpt":{"rendered":"<p>Sulla sospensione del direttore generale dell\u2019Asp di Messina Paolo La Paglia scende in campo Giuseppe Laccoto, che nei giorni scorsi aveva avuto un botta e risposta proprio con il manager dell&#8217;Asp. &#8220;Non c\u2019\u00e8 da essere soddisfatti nella vicenda che ha portato alla sospensione del direttore generale dell\u2019Asp di Messina &#8211; precisa Laccoto -. C\u2019\u00e8 invece [&hellip;]<\/p>\n","protected":false},"author":4,"featured_media":47203,"comment_status":"closed","ping_status":"closed","sticky":false,"template":"","format":"standard","meta":{"ub_ctt_via":"","_mi_skip_tracking":false},"categories":[221],"tags":[],"featured_image_src":"https:\/\/www.messinaoggi.it\/website\/wp-content\/uploads\/2020\/09\/F2EA4169-55A4-4648-A4CA-040710EDD58C.jpeg","author_info":{"display_name":"redme","author_link":"https:\/\/www.messinaoggi.it\/website\/author\/redme\/"},"digistream_id":0,"digistream":false,"_links":{"self":[{"href":"https:\/\/www.messinaoggi.it\/website\/wp-json\/wp\/v2\/posts\/53369"}],"collection":[{"href":"https:\/\/www.messinaoggi.it\/website\/wp-json\/wp\/v2\/posts"}],"about":[{"href":"https:\/\/www.messinaoggi.it\/website\/wp-json\/wp\/v2\/types\/post"}],"author":[{"embeddable":true,"href":"https:\/\/www.messinaoggi.it\/website\/wp-json\/wp\/v2\/users\/4"}],"replies":[{"embeddable":true,"href":"https:\/\/www.messinaoggi.it\/website\/wp-json\/wp\/v2\/comments?post=53369"}],"version-history":[{"count":0,"href":"https:\/\/www.messinaoggi.it\/website\/wp-json\/wp\/v2\/posts\/53369\/revisions"}],"wp:featuredmedia":[{"embeddable":true,"href":"https:\/\/www.messinaoggi.it\/website\/wp-json\/wp\/v2\/media\/47203"}],"wp:attachment":[{"href":"https:\/\/www.messinaoggi.it\/website\/wp-json\/wp\/v2\/media?parent=53369"}],"wp:term":[{"taxonomy":"category","embeddable":true,"href":"https:\/\/www.messinaoggi.it\/website\/wp-json\/wp\/v2\/categories?post=53369"},{"taxonomy":"post_tag","embeddable":true,"href":"https:\/\/www.messinaoggi.it\/website\/wp-json\/wp\/v2\/tags?post=53369"}],"curies":[{"name":"wp","href":"https:\/\/api.w.org\/{rel}","templated":true}]}}