{"id":533,"date":"2017-05-26T18:00:40","date_gmt":"2017-05-26T16:00:40","guid":{"rendered":"http:\/\/www.messinaoggi.it\/website\/?p=533"},"modified":"2017-05-26T18:00:40","modified_gmt":"2017-05-26T16:00:40","slug":"gli-esoscheletri-a-gibellina","status":"publish","type":"post","link":"https:\/\/www.messinaoggi.it\/website\/2017\/05\/26\/gli-esoscheletri-a-gibellina\/","title":{"rendered":"Gli Esoscheletri a Gibellina"},"content":{"rendered":"<p>Prende il via il progetto dal titolo Mothers\u2019Colors2,\u00a0 nato dalla collaborazione tra il regista messinese \u00a0Sas\u00e0 Neri e la pittrice romana Solveig Cogliani. \u00a0La \u00a0performance, promossa e realizzata dalla Fondazione Terzo Pilastro &#8211; Italia e Mediterraneo in collaborazione con la Fondazione Orestiadi, che si articoler\u00e0 in un arco di\u00a0 dodici \u00a0ore al Museo delle Trame del Mediterraneo a Gibellina e \u00a0rappresenter\u00e0 il nuovo passaggio creativo collettivo realizzato dall\u2019ensemble di drammaturgia sperimentale \u201cEsosTheatre. Il Teatro degli Esoscheletri\u201d di Sas\u00e0 Neri insieme \u00a0alla pittrice Solveig Cogliani.<br \/>\nTeatro e pittura a confronto dunque. <strong>Solveig Cogliani<\/strong> torna a confrontarsi con il teatro performativo degli Esoscheletri. Il tema portante di questo nuovo spettacolo, che andr\u00e0 in scena a Gibellina mercoled\u00ec 7, \u00a0sar\u00e0 la violenza. \u201cTorno a creare con loro e per loro \u2013 dice la pittrice \u2013 dopo l\u2019esperienza straordinaria di \u2018Mothers\u2019Colors\u2019 che mi ha visto dipingere l\u2019opera \u2018Alessandra\u2019, che sulla tela reca iscritte le parole suggerite ed ossessivamente ripetute dagli Esoscheletri durante lo spettacolo, e che ho dipinto davanti agli occhi del pubblico proprio a partire dai lineamenti della performer Alessandra Borgosano\u201d.<br \/>\n\u201cIn realt\u00e0 \u2013 continua l\u2019artista \u2013 gli Esoscheletri, pur partendo dall\u2019idea della rappresentazione teatrale, vivono sulla scena insieme al pubblico. Gli spettatori diventano loro stessi attori, protagonisti di un\u2019esperienza che nella percezione di ciascuno \u00e8 reale, \u00e8 realt\u00e0. Ecco perch\u00e9, nulla pu\u00f2 esser ripetuto in EsosTheatre, neppure l\u2019intervento pittorico\u201d.<br \/>\nPer lo spettacolo che avr\u00e0 luogo a \u00a0Gibellina la Cogliani sa soltanto che sceglier\u00e0 di evocare l\u2019inquietudine attraverso \u201cil richiamo agli animali dipinti dai primi uomini come capovolti\/travolti dagli accadimenti di oggi\u201d. \u201cIn accordo con il progetto che abbiamo costruito insieme con Sas\u00e0 Neri, dedicher\u00f2 a \u2018MC2\u2019 una performance pittorica che ho intitolato \u2018Ecatombe\u2019, dall\u2019antico significato di hecat\u00f3mbe in greco (con in significato di \u2018magnifico sacrificio\u2019) e far\u00f2 emergere le lettere \u1f11\u03ba\u03b1\u03c4\u1f79\u03bc\u03b2\u03b7 sulla tela preparata con la terra\u201d.<br \/>\n\u201cHo provato una tensione particolarissima in questi due anni durante i quali abbiamo lavorato a \u2018MC2\u2019, ogni spettacolo e ogni scelta vissuti come tappa inderogabile del percorso. Oggi siamo vicini alla realizzazione della performance. Lo dobbiamo ad alcune persone che hanno creduto in noi, nel valore, nella bellezza e nel talento dei nostri artisti. Ci\u00f2 che sento ora \u00e8 un\u2019immensa calma e una grande gratitudine\u201d, aggiunge <strong>Sas\u00e0 Neri<\/strong>, regista e ideatore del format \u201cEsoscheletri\u201d su cui si sviluppa il teatro performativo EsosTheatre.<br \/>\n\u201cDico grazie dunque alla grande artista Solveig Cogliani, al Prof. Avv. Emmanuele Emanuele, Presidente della Fondazione Terzo Pilastro &#8211; Italia e Mediterraneo, che ci ha supportato e seguito con attenzione e cura, alla Fondazione Orestiadi di Gibellina che ci accoglier\u00e0 nel suo Museo delle Trame Mediterranee. E dico grazie agli Esoscheletri, i performer che hanno trasformato EsosTheatre da folle sogno personale in realt\u00e0 collettiva di ricerca e sperimentazione, e alle due coach Agnese Carrubba, per canto e musica, e Claudia Bertuccelli, per la danza e i movimenti scenici\u201d.<br \/>\nMa cosa concretamente ci si deve aspettare da \u201cMC2\u201d? \u201cTeatro, pittura, canto, musica, danza \u2026 Sar\u00e0 una maratona, succeder\u00e0 tanto. Ma soprattutto \u2013 come sempre e pi\u00f9 di sempre \u2013 la performance nascer\u00e0 in tempo reale dalle vibrazioni che promaneranno dai nostri ospiti-spettatori e dal luogo stesso che ci ospiter\u00e0\u201d.<br \/>\nUno\u00a0 spettacolo da non perdere, \u00a0dunque, \u00a0che regaler\u00e0 ai presenti emozioni uniche e indescrivibili.<div id=\"div-gpt-ad-Messinaoggi.it-DSK-300x250-corpoart\" style=\"text-align:center;margin:0 auto;\"><\/div><\/p>\n<div id=\"videoincontent\" style=\"clear:both\";><\/div>","protected":false},"excerpt":{"rendered":"<p>Prende il via il progetto dal titolo Mothers\u2019Colors2,\u00a0 nato dalla collaborazione tra il regista messinese \u00a0Sas\u00e0 Neri e la pittrice romana Solveig Cogliani. \u00a0La \u00a0performance, promossa e realizzata dalla Fondazione Terzo Pilastro &#8211; Italia e Mediterraneo in collaborazione con la Fondazione Orestiadi, che si articoler\u00e0 in un arco di\u00a0 dodici \u00a0ore al Museo delle Trame [&hellip;]<\/p>\n","protected":false},"author":5,"featured_media":534,"comment_status":"closed","ping_status":"open","sticky":false,"template":"","format":"standard","meta":{"ub_ctt_via":"","_mi_skip_tracking":false},"categories":[17],"tags":[],"featured_image_src":"https:\/\/www.messinaoggi.it\/website\/wp-content\/uploads\/2017\/05\/EsosTheatre-Foto-Arturo-Russo-1-2.jpg","author_info":{"display_name":"Maria Antonella Saia","author_link":"https:\/\/www.messinaoggi.it\/website\/author\/m-saia\/"},"digistream_id":0,"digistream":false,"_links":{"self":[{"href":"https:\/\/www.messinaoggi.it\/website\/wp-json\/wp\/v2\/posts\/533"}],"collection":[{"href":"https:\/\/www.messinaoggi.it\/website\/wp-json\/wp\/v2\/posts"}],"about":[{"href":"https:\/\/www.messinaoggi.it\/website\/wp-json\/wp\/v2\/types\/post"}],"author":[{"embeddable":true,"href":"https:\/\/www.messinaoggi.it\/website\/wp-json\/wp\/v2\/users\/5"}],"replies":[{"embeddable":true,"href":"https:\/\/www.messinaoggi.it\/website\/wp-json\/wp\/v2\/comments?post=533"}],"version-history":[{"count":0,"href":"https:\/\/www.messinaoggi.it\/website\/wp-json\/wp\/v2\/posts\/533\/revisions"}],"wp:featuredmedia":[{"embeddable":true,"href":"https:\/\/www.messinaoggi.it\/website\/wp-json\/wp\/v2\/media\/534"}],"wp:attachment":[{"href":"https:\/\/www.messinaoggi.it\/website\/wp-json\/wp\/v2\/media?parent=533"}],"wp:term":[{"taxonomy":"category","embeddable":true,"href":"https:\/\/www.messinaoggi.it\/website\/wp-json\/wp\/v2\/categories?post=533"},{"taxonomy":"post_tag","embeddable":true,"href":"https:\/\/www.messinaoggi.it\/website\/wp-json\/wp\/v2\/tags?post=533"}],"curies":[{"name":"wp","href":"https:\/\/api.w.org\/{rel}","templated":true}]}}