{"id":53245,"date":"2021-02-17T15:58:29","date_gmt":"2021-02-17T14:58:29","guid":{"rendered":"https:\/\/www.messinaoggi.it\/website\/?p=53245"},"modified":"2021-02-17T15:58:29","modified_gmt":"2021-02-17T14:58:29","slug":"nuova-via-don-blasco-mondello-cambiera-la-fisionomia-della-citta","status":"publish","type":"post","link":"https:\/\/www.messinaoggi.it\/website\/2021\/02\/17\/nuova-via-don-blasco-mondello-cambiera-la-fisionomia-della-citta\/","title":{"rendered":"Nuova via Don Blasco, Mondello: &quot;Cambier\u00e0 la fisionomia della citt\u00e0&quot;"},"content":{"rendered":"<p>L\u2019assessore ai Lavori pubblici, Salvatore Mondello, ha effettuato questa mattina un nuovo sopralluogo presso il cantiere della realizzanda via Don Blasco. <img loading=\"lazy\" class=\"size-medium wp-image-106170 alignright\" style=\"box-sizing: border-box; vertical-align: middle; border-style: none; float: right; margin-left: 20px; margin-bottom: 10px; margin-top: 10px; height: auto; max-width: 100%;\" src=\"https:\/\/comune.messina.it\/wp-content\/uploads\/2021\/02\/don-blasco-2-1-300x135.jpg\" sizes=\"(max-width: 300px) 100vw, 300px\" srcset=\"https:\/\/comune.messina.it\/wp-content\/uploads\/2021\/02\/don-blasco-2-1-300x135.jpg 300w, https:\/\/comune.messina.it\/wp-content\/uploads\/2021\/02\/don-blasco-2-1-1024x461.jpg 1024w, https:\/\/comune.messina.it\/wp-content\/uploads\/2021\/02\/don-blasco-2-1-768x346.jpg 768w, https:\/\/comune.messina.it\/wp-content\/uploads\/2021\/02\/don-blasco-2-1-1536x691.jpg 1536w, https:\/\/comune.messina.it\/wp-content\/uploads\/2021\/02\/don-blasco-2-1-450x203.jpg 450w, https:\/\/comune.messina.it\/wp-content\/uploads\/2021\/02\/don-blasco-2-1.jpg 2000w\" alt=\"\" width=\"300\" height=\"135\" \/>E\u2019 stato constatato che le opere procedono speditamente, essendo state varate le ultime due travi in cemento armato precompresso del Ponte Zaera, necessarie a completare la parte strutturale della copertura dell\u2019omonimo torrente. \u201cQuesti risultati \u2013 commentato l\u2019assessore Mondello a margine del sopralluogo &#8211; ripagano di tutti i sacrifici compiuti per realizzare un\u2019opera che cambier\u00e0 radicalmente la fisionomia della citt\u00e0, apportando benefici in termini viabili e di sviluppo. <img loading=\"lazy\" class=\"size-medium wp-image-106171 alignleft\" style=\"box-sizing: border-box; vertical-align: middle; border-style: none; float: left; margin-right: 20px; margin-bottom: 10px; margin-top: 10px; height: auto; max-width: 100%;\" src=\"https:\/\/comune.messina.it\/wp-content\/uploads\/2021\/02\/don-blasco-3-300x135.jpg\" sizes=\"(max-width: 300px) 100vw, 300px\" srcset=\"https:\/\/comune.messina.it\/wp-content\/uploads\/2021\/02\/don-blasco-3-300x135.jpg 300w, https:\/\/comune.messina.it\/wp-content\/uploads\/2021\/02\/don-blasco-3-1024x462.jpg 1024w, https:\/\/comune.messina.it\/wp-content\/uploads\/2021\/02\/don-blasco-3-768x346.jpg 768w, https:\/\/comune.messina.it\/wp-content\/uploads\/2021\/02\/don-blasco-3-1536x692.jpg 1536w, https:\/\/comune.messina.it\/wp-content\/uploads\/2021\/02\/don-blasco-3-450x203.jpg 450w, https:\/\/comune.messina.it\/wp-content\/uploads\/2021\/02\/don-blasco-3.jpg 2048w\" alt=\"\" width=\"300\" height=\"135\" \/>Voglio ringraziare la Direzione Lavori, il Rup e soprattutto le maestranze, che con precisione e capacit\u00e0, sono riusciti ad eseguire alla perfezione quanto programmato e progettato. Mi preme sottolineare anche un ulteriore aspetto di non secondaria importanza, ovvero la bonifica e la restituzione alla collettivit\u00e0 di una zona fortemente degradata come Maregrosso, ricettacolo di criticit\u00e0 e pericoli, che diventer\u00e0 ormai a breve, un quartiere produttivo e funzionale. <img loading=\"lazy\" class=\"size-medium wp-image-106172 alignright\" style=\"box-sizing: border-box; vertical-align: middle; border-style: none; float: right; margin-left: 20px; margin-bottom: 10px; margin-top: 10px; height: auto; max-width: 100%;\" src=\"https:\/\/comune.messina.it\/wp-content\/uploads\/2021\/02\/don-blasco-4-300x225.jpg\" sizes=\"(max-width: 300px) 100vw, 300px\" srcset=\"https:\/\/comune.messina.it\/wp-content\/uploads\/2021\/02\/don-blasco-4-300x225.jpg 300w, https:\/\/comune.messina.it\/wp-content\/uploads\/2021\/02\/don-blasco-4-1024x768.jpg 1024w, https:\/\/comune.messina.it\/wp-content\/uploads\/2021\/02\/don-blasco-4-768x576.jpg 768w, https:\/\/comune.messina.it\/wp-content\/uploads\/2021\/02\/don-blasco-4-1536x1152.jpg 1536w, https:\/\/comune.messina.it\/wp-content\/uploads\/2021\/02\/don-blasco-4-400x300.jpg 400w, https:\/\/comune.messina.it\/wp-content\/uploads\/2021\/02\/don-blasco-4.jpg 1600w\" alt=\"\" width=\"300\" height=\"225\" \/>Questo \u00e8 un ulteriore obiettivo dell\u2019Amministrazione De Luca, che attraverso il risanamento e la realizzazione delle tante infrastrutture sia compiute che in itinere \u2013 conclude Mondello \u2013 intende continuare ad impegnarsi per una Messina del futuro, che sia un volano di sviluppo per il Sud, sia per la posizione logistico\/strategica che possiede, sia per le tante, troppe, potenzialit\u00e0 inespresse, a cui stiamo cercando di dare impulso\u201d.<div id=\"div-gpt-ad-Messinaoggi.it-DSK-300x250-corpoart\" style=\"text-align:center;margin:0 auto;\"><\/div><\/p>\n<div id=\"videoincontent\" style=\"clear:both\";><\/div>","protected":false},"excerpt":{"rendered":"<p>L\u2019assessore ai Lavori pubblici, Salvatore Mondello, ha effettuato questa mattina un nuovo sopralluogo presso il cantiere della realizzanda via Don Blasco. E\u2019 stato constatato che le opere procedono speditamente, essendo state varate le ultime due travi in cemento armato precompresso del Ponte Zaera, necessarie a completare la parte strutturale della copertura dell\u2019omonimo torrente. \u201cQuesti risultati [&hellip;]<\/p>\n","protected":false},"author":4,"featured_media":52820,"comment_status":"closed","ping_status":"closed","sticky":false,"template":"","format":"standard","meta":{"ub_ctt_via":"","_mi_skip_tracking":false},"categories":[5],"tags":[],"featured_image_src":"https:\/\/www.messinaoggi.it\/website\/wp-content\/uploads\/2021\/02\/via-don-blasco.jpg","author_info":{"display_name":"redme","author_link":"https:\/\/www.messinaoggi.it\/website\/author\/redme\/"},"digistream_id":0,"digistream":false,"_links":{"self":[{"href":"https:\/\/www.messinaoggi.it\/website\/wp-json\/wp\/v2\/posts\/53245"}],"collection":[{"href":"https:\/\/www.messinaoggi.it\/website\/wp-json\/wp\/v2\/posts"}],"about":[{"href":"https:\/\/www.messinaoggi.it\/website\/wp-json\/wp\/v2\/types\/post"}],"author":[{"embeddable":true,"href":"https:\/\/www.messinaoggi.it\/website\/wp-json\/wp\/v2\/users\/4"}],"replies":[{"embeddable":true,"href":"https:\/\/www.messinaoggi.it\/website\/wp-json\/wp\/v2\/comments?post=53245"}],"version-history":[{"count":0,"href":"https:\/\/www.messinaoggi.it\/website\/wp-json\/wp\/v2\/posts\/53245\/revisions"}],"wp:featuredmedia":[{"embeddable":true,"href":"https:\/\/www.messinaoggi.it\/website\/wp-json\/wp\/v2\/media\/52820"}],"wp:attachment":[{"href":"https:\/\/www.messinaoggi.it\/website\/wp-json\/wp\/v2\/media?parent=53245"}],"wp:term":[{"taxonomy":"category","embeddable":true,"href":"https:\/\/www.messinaoggi.it\/website\/wp-json\/wp\/v2\/categories?post=53245"},{"taxonomy":"post_tag","embeddable":true,"href":"https:\/\/www.messinaoggi.it\/website\/wp-json\/wp\/v2\/tags?post=53245"}],"curies":[{"name":"wp","href":"https:\/\/api.w.org\/{rel}","templated":true}]}}