{"id":53194,"date":"2021-02-16T18:15:26","date_gmt":"2021-02-16T17:15:26","guid":{"rendered":"https:\/\/www.messinaoggi.it\/website\/?p=53194"},"modified":"2021-02-16T18:15:26","modified_gmt":"2021-02-16T17:15:26","slug":"citta-metropolitana-di-messina-corsi-di-progettazione-europea-dedicati-ai-comuni","status":"publish","type":"post","link":"https:\/\/www.messinaoggi.it\/website\/2021\/02\/16\/citta-metropolitana-di-messina-corsi-di-progettazione-europea-dedicati-ai-comuni\/","title":{"rendered":"Citt\u00e0 metropolitana di Messina: corsi di progettazione europea dedicati ai Comuni"},"content":{"rendered":"<p style=\"line-height: 115%; margin: 0px;\">Il o 18 febbraio sar\u00e0 avviato, on line, un importante passaggio della formazione alla progettazione europea rivolta ai tecnici dei Comuni del territorio metropolitano.<div id=\"div-gpt-ad-Messinaoggi.it-DSK-300x250-corpoart\" style=\"text-align:center;margin:0 auto;\"><\/div><\/p>\n<p style=\"line-height: 115%; margin: 0px;\">I corsi sono inseriti nel progetto \u201cMetropoli strategiche\u201d condotto dalla Citt\u00e0 metropolitana di Messina in partnership con l\u2019Associazione nazionale comuni italiani.<div id=\"videoincontent\" style=\"clear:both\";><\/div><\/p>\n<p style=\"line-height: 115%; margin: 0px;\">Dopo il primo incontro introduttivo, che si svolger\u00e0 in modalit\u00e0 plenaria, il lavoro proseguir\u00e0 nelle giornate di marted\u00ec 23 febbraio, 2 marzo, 9 marzo e 16 marzo con esercitazioni sul modello di quelle gi\u00e0 sperimentate con i dipendenti della Citt\u00e0 metropolitana. I rappresentanti dei Comuni saranno suddivisi in gruppi per svolgere le attivit\u00e0 relative ai bandi europei; saranno guidati da Matilde Ferraro.<\/p>\n<p style=\"line-height: 115%; margin: 0px;\">Agli incontri parteciperanno alcuni dipendenti dell\u2019Ente che hanno gi\u00e0 effettuato il percorso formativo e possono, quindi, svolgere un ruolo di supporto, in qualit\u00e0 di \u201cfacilitatori\u201d, nello svolgimento dei lavori.<\/p>\n","protected":false},"excerpt":{"rendered":"<p>Il o 18 febbraio sar\u00e0 avviato, on line, un importante passaggio della formazione alla progettazione europea rivolta ai tecnici dei Comuni del territorio metropolitano. I corsi sono inseriti nel progetto \u201cMetropoli strategiche\u201d condotto dalla Citt\u00e0 metropolitana di Messina in partnership con l\u2019Associazione nazionale comuni italiani. Dopo il primo incontro introduttivo, che si svolger\u00e0 in modalit\u00e0 [&hellip;]<\/p>\n","protected":false},"author":4,"featured_media":53195,"comment_status":"closed","ping_status":"closed","sticky":false,"template":"","format":"standard","meta":{"ub_ctt_via":"","_mi_skip_tracking":false},"categories":[5],"tags":[],"featured_image_src":"https:\/\/www.messinaoggi.it\/website\/wp-content\/uploads\/2021\/02\/citta-metropolitana-di-messina-metropoli-strategiche.jpg","author_info":{"display_name":"redme","author_link":"https:\/\/www.messinaoggi.it\/website\/author\/redme\/"},"digistream_id":0,"digistream":false,"_links":{"self":[{"href":"https:\/\/www.messinaoggi.it\/website\/wp-json\/wp\/v2\/posts\/53194"}],"collection":[{"href":"https:\/\/www.messinaoggi.it\/website\/wp-json\/wp\/v2\/posts"}],"about":[{"href":"https:\/\/www.messinaoggi.it\/website\/wp-json\/wp\/v2\/types\/post"}],"author":[{"embeddable":true,"href":"https:\/\/www.messinaoggi.it\/website\/wp-json\/wp\/v2\/users\/4"}],"replies":[{"embeddable":true,"href":"https:\/\/www.messinaoggi.it\/website\/wp-json\/wp\/v2\/comments?post=53194"}],"version-history":[{"count":0,"href":"https:\/\/www.messinaoggi.it\/website\/wp-json\/wp\/v2\/posts\/53194\/revisions"}],"wp:featuredmedia":[{"embeddable":true,"href":"https:\/\/www.messinaoggi.it\/website\/wp-json\/wp\/v2\/media\/53195"}],"wp:attachment":[{"href":"https:\/\/www.messinaoggi.it\/website\/wp-json\/wp\/v2\/media?parent=53194"}],"wp:term":[{"taxonomy":"category","embeddable":true,"href":"https:\/\/www.messinaoggi.it\/website\/wp-json\/wp\/v2\/categories?post=53194"},{"taxonomy":"post_tag","embeddable":true,"href":"https:\/\/www.messinaoggi.it\/website\/wp-json\/wp\/v2\/tags?post=53194"}],"curies":[{"name":"wp","href":"https:\/\/api.w.org\/{rel}","templated":true}]}}