{"id":53191,"date":"2021-02-16T14:59:28","date_gmt":"2021-02-16T13:59:28","guid":{"rendered":"https:\/\/www.messinaoggi.it\/website\/?p=53191"},"modified":"2021-02-16T14:59:28","modified_gmt":"2021-02-16T13:59:28","slug":"galleria-san-jachiddu-niente-chiusura-per-lavori-ma-sara-al-buio","status":"publish","type":"post","link":"https:\/\/www.messinaoggi.it\/website\/2021\/02\/16\/galleria-san-jachiddu-niente-chiusura-per-lavori-ma-sara-al-buio\/","title":{"rendered":"Galleria &quot;San Jachiddu&quot;: niente chiusura per lavori, ma sar\u00e0 al buio"},"content":{"rendered":"<p>Gioved\u00ec 18 e venerd\u00ec 19, nella fascia oraria 8 \u2013 18, a causa di lavori manutentivi alle cabine elettriche della galleria &#8220;San Jachiddu&#8221; di collegamento tra i viali Giostra e Annunziata, sar\u00e0 interrotta l\u2019illuminazione.<br \/>\nSi raccomanda la massima prudenza, il rispetto del limite di velocit\u00e0 e quello del distanziamento minimo tra i veicoli in transito.<div id=\"div-gpt-ad-Messinaoggi.it-DSK-300x250-corpoart\" style=\"text-align:center;margin:0 auto;\"><\/div><\/p>\n<div id=\"videoincontent\" style=\"clear:both\";><\/div>","protected":false},"excerpt":{"rendered":"<p>Gioved\u00ec 18 e venerd\u00ec 19, nella fascia oraria 8 \u2013 18, a causa di lavori manutentivi alle cabine elettriche della galleria &#8220;San Jachiddu&#8221; di collegamento tra i viali Giostra e Annunziata, sar\u00e0 interrotta l\u2019illuminazione. Si raccomanda la massima prudenza, il rispetto del limite di velocit\u00e0 e quello del distanziamento minimo tra i veicoli in transito.<\/p>\n","protected":false},"author":4,"featured_media":25672,"comment_status":"closed","ping_status":"closed","sticky":false,"template":"","format":"standard","meta":{"ub_ctt_via":"","_mi_skip_tracking":false},"categories":[5],"tags":[],"featured_image_src":"https:\/\/www.messinaoggi.it\/website\/wp-content\/uploads\/2018\/10\/guardrail-via-S.-Jachiddu.jpg","author_info":{"display_name":"redme","author_link":"https:\/\/www.messinaoggi.it\/website\/author\/redme\/"},"digistream_id":0,"digistream":false,"_links":{"self":[{"href":"https:\/\/www.messinaoggi.it\/website\/wp-json\/wp\/v2\/posts\/53191"}],"collection":[{"href":"https:\/\/www.messinaoggi.it\/website\/wp-json\/wp\/v2\/posts"}],"about":[{"href":"https:\/\/www.messinaoggi.it\/website\/wp-json\/wp\/v2\/types\/post"}],"author":[{"embeddable":true,"href":"https:\/\/www.messinaoggi.it\/website\/wp-json\/wp\/v2\/users\/4"}],"replies":[{"embeddable":true,"href":"https:\/\/www.messinaoggi.it\/website\/wp-json\/wp\/v2\/comments?post=53191"}],"version-history":[{"count":0,"href":"https:\/\/www.messinaoggi.it\/website\/wp-json\/wp\/v2\/posts\/53191\/revisions"}],"wp:featuredmedia":[{"embeddable":true,"href":"https:\/\/www.messinaoggi.it\/website\/wp-json\/wp\/v2\/media\/25672"}],"wp:attachment":[{"href":"https:\/\/www.messinaoggi.it\/website\/wp-json\/wp\/v2\/media?parent=53191"}],"wp:term":[{"taxonomy":"category","embeddable":true,"href":"https:\/\/www.messinaoggi.it\/website\/wp-json\/wp\/v2\/categories?post=53191"},{"taxonomy":"post_tag","embeddable":true,"href":"https:\/\/www.messinaoggi.it\/website\/wp-json\/wp\/v2\/tags?post=53191"}],"curies":[{"name":"wp","href":"https:\/\/api.w.org\/{rel}","templated":true}]}}