{"id":5319,"date":"2017-07-23T22:19:42","date_gmt":"2017-07-23T20:19:42","guid":{"rendered":"http:\/\/www.messinaoggi.it\/website\/?p=5319"},"modified":"2017-07-23T22:19:42","modified_gmt":"2017-07-23T20:19:42","slug":"al-via-la-rassegna-cinema-destate","status":"publish","type":"post","link":"https:\/\/www.messinaoggi.it\/website\/2017\/07\/23\/al-via-la-rassegna-cinema-destate\/","title":{"rendered":"Al via la rassegna Cinema d&#039;estate"},"content":{"rendered":"<p style=\"text-align: justify\">Estate, voglia di stare insieme. E con l\u2019estate torna anche \u00a0il cinema all\u2019aperto con la prima rassegna estiva dal titolo \u201cCINEMA D\u2019ESTATE\u201d, organizzata dalla Cooperativa Sociale TRE_ESSE e dalla Messina Audio Service in collaborazione con la Multisala Apollo.<div id=\"div-gpt-ad-Messinaoggi.it-DSK-300x250-corpoart\" style=\"text-align:center;margin:0 auto;\"><\/div><\/p>\n<p style=\"text-align: justify\">La rassegna avr\u00e0 inizio marted\u00ec, alle ore 21.30, \u00a0\u00a0con il film dal titolo Il diritto di contare, e prevede 16 titoli che saranno proiettati tutti i venerd\u00ec, sabato e domenica fino al 10 settembre. \u00a0L\u2019evento avr\u00e0 luogo presso \u00a0il Cortile dell\u2019Istituto Salesiano San Domenico Savio. L\u2019iniziativa nasce dalla volont\u00e0 di ridar luce al palco estivo pi\u00f9 famoso della citt\u00e0.<div id=\"videoincontent\" style=\"clear:both\";><\/div><\/p>\n<p style=\"text-align: justify\">Gli altri titoli sono:<\/p>\n<p style=\"text-align: justify\">26 e 27 L\u2019ora\u00a0 legale<\/p>\n<p style=\"text-align: justify\">28 Alla ricerca di Dory<\/p>\n<p style=\"text-align: justify\">29 e 30 Beata ignoranza<\/p>\n<p style=\"text-align: justify\">4 agosto Oceania<\/p>\n<p style=\"text-align: justify\">5 e 6 In guerra\u00a0 per amore<\/p>\n<p style=\"text-align: justify\">11 Sing Sreet<\/p>\n<p style=\"text-align: justify\">12 e 13 Frantz<\/p>\n<p style=\"text-align: justify\">18 Abel figlio del vento<\/p>\n<p style=\"text-align: justify\">19 e 20 La ragazza del treno<\/p>\n<p style=\"text-align: justify\">25 Classe Z<\/p>\n<p style=\"text-align: justify\">26 e 27 Poveri ma \u00a0ricchi<\/p>\n<p style=\"text-align: justify\">1 sett La bella e la bestia<\/p>\n<p style=\"text-align: justify\">2 e 3 Fortunata<\/p>\n<p style=\"text-align: justify\">8 Zootropolis<\/p>\n<p style=\"text-align: justify\">9 e 10 Jackie<\/p>\n<p style=\"text-align: justify\">Questi i titoli per un\u2019estate ricca di emozioni. L\u2019ingresso sar\u00e0 di \u20ac. 5,00 con sconti per gli under 16 e over 65. Eccezionalmente per la serata inaugurale, il primo film in cartellone sar\u00e0 offerto dall\u2019organizzazione con ingresso gratuito.<\/p>\n<p style=\"text-align: justify\">\n<p style=\"text-align: justify\">\n<p style=\"text-align: justify\">\n<p style=\"text-align: justify\">\n<p> <\/p>\n","protected":false},"excerpt":{"rendered":"<p>Estate, voglia di stare insieme. E con l\u2019estate torna anche \u00a0il cinema all\u2019aperto con la prima rassegna estiva dal titolo \u201cCINEMA D\u2019ESTATE\u201d, organizzata dalla Cooperativa Sociale TRE_ESSE e dalla Messina Audio Service in collaborazione con la Multisala Apollo. La rassegna avr\u00e0 inizio marted\u00ec, alle ore 21.30, \u00a0\u00a0con il film dal titolo Il diritto di contare, [&hellip;]<\/p>\n","protected":false},"author":5,"featured_media":5320,"comment_status":"closed","ping_status":"open","sticky":false,"template":"","format":"standard","meta":{"ub_ctt_via":"","_mi_skip_tracking":false},"categories":[17],"tags":[],"featured_image_src":"https:\/\/www.messinaoggi.it\/website\/wp-content\/uploads\/2017\/07\/CINEMA-DESTATE1464-2.png","author_info":{"display_name":"Maria Antonella Saia","author_link":"https:\/\/www.messinaoggi.it\/website\/author\/m-saia\/"},"digistream_id":0,"digistream":false,"_links":{"self":[{"href":"https:\/\/www.messinaoggi.it\/website\/wp-json\/wp\/v2\/posts\/5319"}],"collection":[{"href":"https:\/\/www.messinaoggi.it\/website\/wp-json\/wp\/v2\/posts"}],"about":[{"href":"https:\/\/www.messinaoggi.it\/website\/wp-json\/wp\/v2\/types\/post"}],"author":[{"embeddable":true,"href":"https:\/\/www.messinaoggi.it\/website\/wp-json\/wp\/v2\/users\/5"}],"replies":[{"embeddable":true,"href":"https:\/\/www.messinaoggi.it\/website\/wp-json\/wp\/v2\/comments?post=5319"}],"version-history":[{"count":0,"href":"https:\/\/www.messinaoggi.it\/website\/wp-json\/wp\/v2\/posts\/5319\/revisions"}],"wp:featuredmedia":[{"embeddable":true,"href":"https:\/\/www.messinaoggi.it\/website\/wp-json\/wp\/v2\/media\/5320"}],"wp:attachment":[{"href":"https:\/\/www.messinaoggi.it\/website\/wp-json\/wp\/v2\/media?parent=5319"}],"wp:term":[{"taxonomy":"category","embeddable":true,"href":"https:\/\/www.messinaoggi.it\/website\/wp-json\/wp\/v2\/categories?post=5319"},{"taxonomy":"post_tag","embeddable":true,"href":"https:\/\/www.messinaoggi.it\/website\/wp-json\/wp\/v2\/tags?post=5319"}],"curies":[{"name":"wp","href":"https:\/\/api.w.org\/{rel}","templated":true}]}}