{"id":52990,"date":"2021-02-12T15:00:17","date_gmt":"2021-02-12T14:00:17","guid":{"rendered":"https:\/\/www.messinaoggi.it\/website\/?p=52990"},"modified":"2021-02-12T15:00:17","modified_gmt":"2021-02-12T14:00:17","slug":"nuoto-power-team-ottime-prestazioni-ai-regionali-del-campionato-italiano-di-nuoto","status":"publish","type":"post","link":"https:\/\/www.messinaoggi.it\/website\/2021\/02\/12\/nuoto-power-team-ottime-prestazioni-ai-regionali-del-campionato-italiano-di-nuoto\/","title":{"rendered":"NUOTO &#8211; Power Team, ottime prestazioni ai regionali del Campionato italiano di nuoto"},"content":{"rendered":"<h6><strong><em>Gli atleti del team peloritano si confermano in gran forma nelle gare di Patern\u00f2. Ad aprile, dopo la disputa di tutte le gare in programma, si stileranno le classifiche individuali e di societ\u00e0<\/em><\/strong><\/h6>\n<p><em>\u00a0<\/em><div id=\"div-gpt-ad-Messinaoggi.it-DSK-300x250-corpoart\" style=\"text-align:center;margin:0 auto;\"><\/div><\/p>\n<p style=\"text-align: justify\">Il secondo appuntamento del Campionato Italiano di nuoto su base regionale FIN in vasca corta ha fornito le attese risposte alla Power Team e confermato la grande voglia dei ragazzi di tornare, prima possibile, ad una vita sportiva completamente normale.<div id=\"videoincontent\" style=\"clear:both\";><\/div><\/p>\n<p style=\"text-align: justify\">La tappa di Patern\u00f2 (Sicilia orientale) \u00e8 stata posticipata di una settimana, su richiesta del Comune etneo, per motivi organizzativi. Ad aprile, al termine di tutte le prove in calendario, comprese quelle in programma a Palermo per la Sicilia occidentale, verr\u00e0 stilata una graduatoria generale, che determiner\u00e0 le classifiche individuali e di societ\u00e0.<\/p>\n<div id=\"attachment_52991\" style=\"width: 489px\" class=\"wp-caption alignright\"><img aria-describedby=\"caption-attachment-52991\" loading=\"lazy\" class=\" wp-image-52991\" src=\"https:\/\/www.messinaoggi.it\/website\/wp-content\/uploads\/2021\/02\/Luca-Bombaci-tecnico-POWER-TEAM-1-300x200.jpg\" alt=\"\" width=\"479\" height=\"319\" \/><p id=\"caption-attachment-52991\" class=\"wp-caption-text\"><em><strong>Luca Bombaci, tecnico Power Team<\/strong><\/em><\/p><\/div>\n<p style=\"text-align: justify\">Risultati positivi, in particolare, per Riccardo Sidoti, che nei 100 dorso Ragazzi ha fatto fermare il cronometro dopo 58\u201d99, migliorandosi, cos\u00ec, di due secondi.<\/p>\n<p style=\"text-align: justify\">Bene Gianmarco Grif\u00f2 nei 50 farfalla Cadetti e Manuela Giacopello nei 200 dorso Cadetti. \u201c<em>La squadra ha dimostrato di essere in forma \u2013 <\/em>dichiara il tecnico Luca Bombaci \u2013 <em>abbassando tanti personal best&#8221;.<\/em><\/p>\n<p style=\"text-align: justify\"><em>&#8220;Siamo soddisfatti di come gli atleti si sono espressi &#8211; continua Bombaci &#8211; e, soprattutto, ora sappiamo da quale base partire. Cercheremo di fare del nostro meglio nei prossimi impegni, puntando principalmente, nella programmazione degli allenamenti, su quelli del mese di aprile, che definiranno le varie graduatorie a livello regionale e nazionale\u201d.<\/em><\/p>\n<p style=\"text-align: justify\">A fine febbraio si torner\u00e0, intanto, a garegger\u00e0 sempre nella piscina \u201cGiovanni Paolo II\u201d di Patern\u00f2.<\/p>\n","protected":false},"excerpt":{"rendered":"<p>Gli atleti del team peloritano si confermano in gran forma nelle gare di Patern\u00f2. Ad aprile, dopo la disputa di tutte le gare in programma, si stileranno le classifiche individuali e di societ\u00e0 \u00a0 Il secondo appuntamento del Campionato Italiano di nuoto su base regionale FIN in vasca corta ha fornito le attese risposte alla [&hellip;]<\/p>\n","protected":false},"author":17,"featured_media":52992,"comment_status":"closed","ping_status":"closed","sticky":false,"template":"","format":"standard","meta":{"ub_ctt_via":"","_mi_skip_tracking":false},"categories":[8,9],"tags":[215,359],"featured_image_src":"https:\/\/www.messinaoggi.it\/website\/wp-content\/uploads\/2021\/02\/Allenamento-atleti-POWER-TEAM.jpg","author_info":{"display_name":"Giuseppe Luppino","author_link":"https:\/\/www.messinaoggi.it\/website\/author\/g-luppino\/"},"digistream_id":0,"digistream":false,"_links":{"self":[{"href":"https:\/\/www.messinaoggi.it\/website\/wp-json\/wp\/v2\/posts\/52990"}],"collection":[{"href":"https:\/\/www.messinaoggi.it\/website\/wp-json\/wp\/v2\/posts"}],"about":[{"href":"https:\/\/www.messinaoggi.it\/website\/wp-json\/wp\/v2\/types\/post"}],"author":[{"embeddable":true,"href":"https:\/\/www.messinaoggi.it\/website\/wp-json\/wp\/v2\/users\/17"}],"replies":[{"embeddable":true,"href":"https:\/\/www.messinaoggi.it\/website\/wp-json\/wp\/v2\/comments?post=52990"}],"version-history":[{"count":0,"href":"https:\/\/www.messinaoggi.it\/website\/wp-json\/wp\/v2\/posts\/52990\/revisions"}],"wp:featuredmedia":[{"embeddable":true,"href":"https:\/\/www.messinaoggi.it\/website\/wp-json\/wp\/v2\/media\/52992"}],"wp:attachment":[{"href":"https:\/\/www.messinaoggi.it\/website\/wp-json\/wp\/v2\/media?parent=52990"}],"wp:term":[{"taxonomy":"category","embeddable":true,"href":"https:\/\/www.messinaoggi.it\/website\/wp-json\/wp\/v2\/categories?post=52990"},{"taxonomy":"post_tag","embeddable":true,"href":"https:\/\/www.messinaoggi.it\/website\/wp-json\/wp\/v2\/tags?post=52990"}],"curies":[{"name":"wp","href":"https:\/\/api.w.org\/{rel}","templated":true}]}}