{"id":52985,"date":"2021-02-12T14:00:19","date_gmt":"2021-02-12T13:00:19","guid":{"rendered":"https:\/\/www.messinaoggi.it\/website\/?p=52985"},"modified":"2021-02-12T14:00:19","modified_gmt":"2021-02-12T13:00:19","slug":"viale-della-liberta-interventi-di-scerbatura-dello-spartitraffico","status":"publish","type":"post","link":"https:\/\/www.messinaoggi.it\/website\/2021\/02\/12\/viale-della-liberta-interventi-di-scerbatura-dello-spartitraffico\/","title":{"rendered":"Viale della Libert\u00e0, interventi di scerbatura dello spartitraffico"},"content":{"rendered":"<p>Proseguono luned\u00ec 15 le attivit\u00e0 di riqualificazione del verde urbano, nell\u2019ambito degli \u201cInterventi di scerbatura dello spartitraffico, linea tranviaria e delle aree a verde della citt\u00e0 di Messina\u201d, in entrambe le carreggiate di viale della Libert\u00e0, in adiacenza alla sede tranviaria, nel tratto compreso tra i viali Annunziata e Giostra.<br \/>\nPer consentirne l\u2019esecuzione sino a domenica 28, nella fascia oraria 6-17.30, ma con esclusione delle fasce orarie 7.15-8.45 e 13-14.15, per singoli tratti di intervento della lunghezza massima di 30, saranno ristrette le carreggiate stradali per una larghezza di 1 metro, in adiacenza ai cordoli di separazione della sede tranviaria; ed istituito il limite massimo di velocit\u00e0 30 km\/h.<div id=\"div-gpt-ad-Messinaoggi.it-DSK-300x250-corpoart\" style=\"text-align:center;margin:0 auto;\"><\/div><\/p>\n<div id=\"videoincontent\" style=\"clear:both\";><\/div>","protected":false},"excerpt":{"rendered":"<p>Proseguono luned\u00ec 15 le attivit\u00e0 di riqualificazione del verde urbano, nell\u2019ambito degli \u201cInterventi di scerbatura dello spartitraffico, linea tranviaria e delle aree a verde della citt\u00e0 di Messina\u201d, in entrambe le carreggiate di viale della Libert\u00e0, in adiacenza alla sede tranviaria, nel tratto compreso tra i viali Annunziata e Giostra. Per consentirne l\u2019esecuzione sino a [&hellip;]<\/p>\n","protected":false},"author":4,"featured_media":29615,"comment_status":"closed","ping_status":"closed","sticky":false,"template":"","format":"standard","meta":{"ub_ctt_via":"","_mi_skip_tracking":false},"categories":[5],"tags":[],"featured_image_src":"https:\/\/www.messinaoggi.it\/website\/wp-content\/uploads\/2019\/02\/IMG-20190217-WA0013-1.jpg","author_info":{"display_name":"redme","author_link":"https:\/\/www.messinaoggi.it\/website\/author\/redme\/"},"digistream_id":0,"digistream":false,"_links":{"self":[{"href":"https:\/\/www.messinaoggi.it\/website\/wp-json\/wp\/v2\/posts\/52985"}],"collection":[{"href":"https:\/\/www.messinaoggi.it\/website\/wp-json\/wp\/v2\/posts"}],"about":[{"href":"https:\/\/www.messinaoggi.it\/website\/wp-json\/wp\/v2\/types\/post"}],"author":[{"embeddable":true,"href":"https:\/\/www.messinaoggi.it\/website\/wp-json\/wp\/v2\/users\/4"}],"replies":[{"embeddable":true,"href":"https:\/\/www.messinaoggi.it\/website\/wp-json\/wp\/v2\/comments?post=52985"}],"version-history":[{"count":0,"href":"https:\/\/www.messinaoggi.it\/website\/wp-json\/wp\/v2\/posts\/52985\/revisions"}],"wp:featuredmedia":[{"embeddable":true,"href":"https:\/\/www.messinaoggi.it\/website\/wp-json\/wp\/v2\/media\/29615"}],"wp:attachment":[{"href":"https:\/\/www.messinaoggi.it\/website\/wp-json\/wp\/v2\/media?parent=52985"}],"wp:term":[{"taxonomy":"category","embeddable":true,"href":"https:\/\/www.messinaoggi.it\/website\/wp-json\/wp\/v2\/categories?post=52985"},{"taxonomy":"post_tag","embeddable":true,"href":"https:\/\/www.messinaoggi.it\/website\/wp-json\/wp\/v2\/tags?post=52985"}],"curies":[{"name":"wp","href":"https:\/\/api.w.org\/{rel}","templated":true}]}}