{"id":52912,"date":"2021-02-11T06:15:44","date_gmt":"2021-02-11T05:15:44","guid":{"rendered":"https:\/\/www.messinaoggi.it\/website\/?p=52912"},"modified":"2021-02-11T06:15:44","modified_gmt":"2021-02-11T05:15:44","slug":"villaggio-annunziata-alcune-strade-cambiano-denominazione","status":"publish","type":"post","link":"https:\/\/www.messinaoggi.it\/website\/2021\/02\/11\/villaggio-annunziata-alcune-strade-cambiano-denominazione\/","title":{"rendered":"Villaggio Annunziata, alcune strade cambiano denominazione"},"content":{"rendered":"<p><span style=\"font-family: inherit;\" data-offset-key=\"dgd1l-0-0\">A seguito della proposta del Comune di Messina, visti i pareri favorevoli espressi dalla Soprintendenza e della Societ\u00e0 Messinese di Storia Patria, con provvedimento prefettizio sono stati autorizzati le intitolazioni ed i cambi di denominazione di alcune vie all\u2019Annunziata.<\/span><br \/>\n<span style=\"font-family: inherit;\" data-offset-key=\"dgd1l-0-0\">La strada che dalla via del Fante, orientata verso nord \u2014 est giunge a fine strada fra le abitazioni, \u00e8 intitolata a Francesca Morvillo (1945 \u2014 1992); la piazza compresa tra le via del Fante e Abate Epifanio, a Giacomo Matteotti (1885 \u2014 1924); la strada che dalla via Saro Leonardi, passa per il Vico I di via Ninni Cassar\u00e0 e giunge al Vico II di via Ninni Cassar\u00e0, diventa via Ninni Cassar\u00e0 (1947 1985); la prima parallela alla via Saro Leonardi, che dopo una curva arriva a fine strada fra le abitazioni, si chiama Vico I di via Ninni Cassar\u00e0; il secondo vico parallelo al Vico I di Via Ninni Cassar\u00e0, prende il nome di Vico II di via Ninni Cassar\u00e0; il terzo vico parallelo al Vico II di via Ninni Cassar\u00e0, che dopo una curva giunge a fine strada fra le abitazioni, diventa Vico III di via Ninni Cassar\u00e0; infine la via Roma, compresa tra viale Annunziata e via Leonardo Sciascia, cambia denominazione in via Rita Atria (1974 \u2014 1992).<\/span><br \/>\n<span style=\"font-family: inherit;\" data-offset-key=\"dgd1l-0-0\">\u00c8 possibile consultare la toponomastica attraverso il geoportale comunale al link <\/span><span class=\"py34i1dx\" style=\"color: var(--blue-link); font-family: inherit;\"><span style=\"font-family: inherit;\" data-offset-key=\"dgd1l-1-0\"><a href=\"http:\/\/www.comune.messina.sitr.it\/\" target=\"_blank\" rel=\"noopener noreferrer\">www.comune.messina.sitr.it<\/a><\/span><\/span><span style=\"font-family: inherit;\" data-offset-key=\"dgd1l-2-0\"> nella sezione \u201cconsultazione cartografia\u201d.<\/span><br \/>\n<span style=\"font-family: inherit;\" data-offset-key=\"dgd1l-2-0\">I contenuti dello stradario, ancora in fase di aggiornamento, hanno un mero valore informativo e non sostituiscono quanto depositato agli atti degli uffici comunali che prevalgono in caso di discordanza.<\/span><div id=\"div-gpt-ad-Messinaoggi.it-DSK-300x250-corpoart\" style=\"text-align:center;margin:0 auto;\"><\/div><\/p>\n<div id=\"videoincontent\" style=\"clear:both\";><\/div>","protected":false},"excerpt":{"rendered":"<p>A seguito della proposta del Comune di Messina, visti i pareri favorevoli espressi dalla Soprintendenza e della Societ\u00e0 Messinese di Storia Patria, con provvedimento prefettizio sono stati autorizzati le intitolazioni ed i cambi di denominazione di alcune vie all\u2019Annunziata. La strada che dalla via del Fante, orientata verso nord \u2014 est giunge a fine strada [&hellip;]<\/p>\n","protected":false},"author":4,"featured_media":38560,"comment_status":"closed","ping_status":"closed","sticky":false,"template":"","format":"standard","meta":{"ub_ctt_via":"","_mi_skip_tracking":false},"categories":[5],"tags":[],"featured_image_src":"https:\/\/www.messinaoggi.it\/website\/wp-content\/uploads\/2019\/11\/annunziata-alta-via-satellite.png","author_info":{"display_name":"redme","author_link":"https:\/\/www.messinaoggi.it\/website\/author\/redme\/"},"digistream_id":0,"digistream":false,"_links":{"self":[{"href":"https:\/\/www.messinaoggi.it\/website\/wp-json\/wp\/v2\/posts\/52912"}],"collection":[{"href":"https:\/\/www.messinaoggi.it\/website\/wp-json\/wp\/v2\/posts"}],"about":[{"href":"https:\/\/www.messinaoggi.it\/website\/wp-json\/wp\/v2\/types\/post"}],"author":[{"embeddable":true,"href":"https:\/\/www.messinaoggi.it\/website\/wp-json\/wp\/v2\/users\/4"}],"replies":[{"embeddable":true,"href":"https:\/\/www.messinaoggi.it\/website\/wp-json\/wp\/v2\/comments?post=52912"}],"version-history":[{"count":0,"href":"https:\/\/www.messinaoggi.it\/website\/wp-json\/wp\/v2\/posts\/52912\/revisions"}],"wp:featuredmedia":[{"embeddable":true,"href":"https:\/\/www.messinaoggi.it\/website\/wp-json\/wp\/v2\/media\/38560"}],"wp:attachment":[{"href":"https:\/\/www.messinaoggi.it\/website\/wp-json\/wp\/v2\/media?parent=52912"}],"wp:term":[{"taxonomy":"category","embeddable":true,"href":"https:\/\/www.messinaoggi.it\/website\/wp-json\/wp\/v2\/categories?post=52912"},{"taxonomy":"post_tag","embeddable":true,"href":"https:\/\/www.messinaoggi.it\/website\/wp-json\/wp\/v2\/tags?post=52912"}],"curies":[{"name":"wp","href":"https:\/\/api.w.org\/{rel}","templated":true}]}}