{"id":52855,"date":"2021-02-10T09:15:05","date_gmt":"2021-02-10T08:15:05","guid":{"rendered":"https:\/\/www.messinaoggi.it\/website\/?p=52855"},"modified":"2021-02-10T09:15:05","modified_gmt":"2021-02-10T08:15:05","slug":"rally-la-quarta-edizione-del-rally-cefalu-corse-ai-nastri-di-partenza-il-10-ed-11-aprile","status":"publish","type":"post","link":"https:\/\/www.messinaoggi.it\/website\/2021\/02\/10\/rally-la-quarta-edizione-del-rally-cefalu-corse-ai-nastri-di-partenza-il-10-ed-11-aprile\/","title":{"rendered":"RALLY &#8211; La quarta edizione del Rally Cefal\u00f9 Corse ai nastri di partenza il 10 ed 11 aprile"},"content":{"rendered":"<h6><em><strong>Promessa mantenuta dal sodalizio organizzatore della gara palermitana che si svolger\u00e0 nelle zone tra la \u201cPerla del Tirreno\u201d, Patrimonio UNESCO e Lascari. Nel week end dopo Pasqua si inaugurer\u00e0 il Campionato Siciliano di specialit\u00e0<\/strong><\/em><\/h6>\n<p> <div id=\"div-gpt-ad-Messinaoggi.it-DSK-300x250-corpoart\" style=\"text-align:center;margin:0 auto;\"><\/div><\/p>\n<p style=\"text-align: justify\">Il 4\u00b0 Rally Cefal\u00f9 Corse si svolger\u00e0 il 10 e 11 aprile. La gara palermitana organizzata dalla Scuderia Cefal\u00f9 Corse aprir\u00e0 il calendario rallistico della regione ed anche il Campionato Siciliano Rally, nel fine settimana successivo alla Pasqua.<div id=\"videoincontent\" style=\"clear:both\";><\/div><\/p>\n<p style=\"text-align: justify\">Lo staff coordinato dall\u2019instancabile Francesco \u201cCiccio\u201d Giardina ha mantenuto la promessa fatta quando nel 2020, si \u00e8 dovuto rinunciare allo svolgimento della competizione per via dell\u2019emergenza sanitaria.<\/p>\n<p style=\"text-align: justify\">Immediato l\u2019appoggio della Citt\u00e0 di Cefal\u00f9 e del Comune della vicina Lascari, che hanno confermato la fiducia in un evento che attraverso i migliori valori dello sport esalta un territorio incantevole e noto per le sue bellezze, oltre che altamente votato all\u2019ospitalit\u00e0 ed al turismo.<\/p>\n<p style=\"text-align: justify\">L\u2019edizione 2021 sar\u00e0 senza la presenza del pubblico, come previsto dalla vigente normativa sanitaria, ma l\u2019organizzazione si adoperer\u00e0 per raggiungere comunque gli appassionati con continue informazioni<\/p>\n<p style=\"text-align: justify\">Le iscrizioni si apriranno luned\u00ec 8 marzo, per chiudersi marted\u00ec 6 aprile. Quartier generale della competizione sar\u00e0 Cefal\u00f9, con il parco assistenza situato all\u2019interno dell\u2019Ampio parcheggio su Lungomare Giardina, dove vi sar\u00e0 anche partenza e traguardo della gara. \u201cCefal\u00f9\u201d e \u201cLascari\u201d i nomi delle due prove speciali.<\/p>\n<p style=\"text-align: justify\"><img loading=\"lazy\" class=\" wp-image-52857 alignright\" src=\"https:\/\/www.messinaoggi.it\/website\/wp-content\/uploads\/2021\/02\/Rally-300x213.jpg\" alt=\"\" width=\"446\" height=\"317\" \/><\/p>\n<p style=\"text-align: justify\"><em>\u201cAbbiamo trasformato in nuovo entusiasmo il rammarico per la rinuncia all\u2019edizione 2020<\/em> &#8211; afferma Ciccio Giardina &#8211; <em>tutto il gruppo \u00e8 al lavoro e fervono i preparativi in stretta collaborazione con lo staff di Direzione gara, come sempre affidata a Marco Cascino e Manlio Mancuso&#8221;.<\/em><\/p>\n<p style=\"text-align: justify\"><em>&#8220;Siamo grati al Delegato\/Fiduciario regionale Daniele Settimo &#8211; <\/em>continua Giardina<em> &#8211;\u00a0 e all\u2019intera Delegazione per l\u2019appoggio ed il supporto, come ringraziamo il Primo Cittadino di Cefal\u00f9 Rosario Lapunzina e quello di Lascari Franco Schittino, da cui abbiamo avuto immediata conferma di fiducia verso l\u2019evento sportivo. Anche se la speranza \u00e8 quella di tornare presto alla normalit\u00e0, \u00e8 certamente emozionante rimettersi al lavoro per pianificare la gara\u201d.<\/em><\/p>\n<p style=\"text-align: justify\">Nel 2019 al 3\u00b0 Rally Cefal\u00f9 Corse i nisseni Salvatore Lo Cascio e Michele Castelli bissarono il successo del 2018 sulla Citroen Saxo. Seconda piazza per gli agrigentini Pietro Gandolfo e Giuseppe Buscemi, che hanno preceduto i bergamaschi Alessandro Casano e Mattia Orio, entrambi gli equipaggi su Renault Clio S1600.<\/p>\n<p style=\"text-align: justify\">Il Trofeo \u201cAngelo Castiglia\u201d agli idoli di casa Marco Runfola e Corinne Federighi che su Renault Clio R3C, hanno sempre lottato per la vittoria, poi retrocessi da una penalit\u00e0.<\/p>\n","protected":false},"excerpt":{"rendered":"<p>Promessa mantenuta dal sodalizio organizzatore della gara palermitana che si svolger\u00e0 nelle zone tra la \u201cPerla del Tirreno\u201d, Patrimonio UNESCO e Lascari. Nel week end dopo Pasqua si inaugurer\u00e0 il Campionato Siciliano di specialit\u00e0 Il 4\u00b0 Rally Cefal\u00f9 Corse si svolger\u00e0 il 10 e 11 aprile. La gara palermitana organizzata dalla Scuderia Cefal\u00f9 Corse aprir\u00e0 [&hellip;]<\/p>\n","protected":false},"author":17,"featured_media":52856,"comment_status":"closed","ping_status":"closed","sticky":false,"template":"","format":"standard","meta":{"ub_ctt_via":"","_mi_skip_tracking":false},"categories":[8,9],"tags":[525,526],"featured_image_src":"https:\/\/www.messinaoggi.it\/website\/wp-content\/uploads\/2021\/02\/rally-2.jpg","author_info":{"display_name":"Giuseppe Luppino","author_link":"https:\/\/www.messinaoggi.it\/website\/author\/g-luppino\/"},"digistream_id":0,"digistream":false,"_links":{"self":[{"href":"https:\/\/www.messinaoggi.it\/website\/wp-json\/wp\/v2\/posts\/52855"}],"collection":[{"href":"https:\/\/www.messinaoggi.it\/website\/wp-json\/wp\/v2\/posts"}],"about":[{"href":"https:\/\/www.messinaoggi.it\/website\/wp-json\/wp\/v2\/types\/post"}],"author":[{"embeddable":true,"href":"https:\/\/www.messinaoggi.it\/website\/wp-json\/wp\/v2\/users\/17"}],"replies":[{"embeddable":true,"href":"https:\/\/www.messinaoggi.it\/website\/wp-json\/wp\/v2\/comments?post=52855"}],"version-history":[{"count":0,"href":"https:\/\/www.messinaoggi.it\/website\/wp-json\/wp\/v2\/posts\/52855\/revisions"}],"wp:featuredmedia":[{"embeddable":true,"href":"https:\/\/www.messinaoggi.it\/website\/wp-json\/wp\/v2\/media\/52856"}],"wp:attachment":[{"href":"https:\/\/www.messinaoggi.it\/website\/wp-json\/wp\/v2\/media?parent=52855"}],"wp:term":[{"taxonomy":"category","embeddable":true,"href":"https:\/\/www.messinaoggi.it\/website\/wp-json\/wp\/v2\/categories?post=52855"},{"taxonomy":"post_tag","embeddable":true,"href":"https:\/\/www.messinaoggi.it\/website\/wp-json\/wp\/v2\/tags?post=52855"}],"curies":[{"name":"wp","href":"https:\/\/api.w.org\/{rel}","templated":true}]}}