{"id":52849,"date":"2021-02-09T14:38:36","date_gmt":"2021-02-09T13:38:36","guid":{"rendered":"https:\/\/www.messinaoggi.it\/website\/?p=52849"},"modified":"2021-02-09T14:38:36","modified_gmt":"2021-02-09T13:38:36","slug":"calcio-serie-d-fc-messina-corsa-verso-la-vetta-domani-il-recupero-con-marina-di-ragusa","status":"publish","type":"post","link":"https:\/\/www.messinaoggi.it\/website\/2021\/02\/09\/calcio-serie-d-fc-messina-corsa-verso-la-vetta-domani-il-recupero-con-marina-di-ragusa\/","title":{"rendered":"CALCIO SERIE D &#8211; FC Messina: corsa verso la vetta. Domani il recupero con Marina di Ragusa"},"content":{"rendered":"<h6><strong><em>FC Messina: gruppo al completo in attesa del Marina di Ragusa. I giallorossi riaccolgono in squadra Dambros, Coria e Da Silva. Migliorano le condizioni di salute di mister Rigoli<\/em><\/strong><\/h6>\n<p style=\"text-align: justify\">Il Football Club Messina, reduce dal successo di misura ottenuto domenica tra le mura amiche ai danni del Patern\u00f2, non si ferma e gi\u00e0 da domani \u00e8 in programma il recupero contro il Marina di Ragusa, valevole per la settima giornata del girone d&#8217;andata.<div id=\"div-gpt-ad-Messinaoggi.it-DSK-300x250-corpoart\" style=\"text-align:center;margin:0 auto;\"><\/div><\/p>\n<p style=\"text-align: justify\">La squadra del presidente Rocco Arena, in atto al terzo posto della classifica con 25 punti, dovr\u00e0 recuperare ben tre gare (mercoledi quella col Marina di Ragusa) e, qualora facesse bottino pieno nei recuperi, potrebbe diventare la capolista del Girone I di serie D con 34 punti.<div id=\"videoincontent\" style=\"clear:both\";><\/div><\/p>\n<div id=\"attachment_52852\" style=\"width: 416px\" class=\"wp-caption alignright\"><img aria-describedby=\"caption-attachment-52852\" loading=\"lazy\" class=\" wp-image-52852\" src=\"https:\/\/www.messinaoggi.it\/website\/wp-content\/uploads\/2021\/02\/Coria-282x300.jpg\" alt=\"\" width=\"406\" height=\"432\" \/><p id=\"caption-attachment-52852\" class=\"wp-caption-text\"><strong><em>Facundo Coria (FC Messina)<\/em><\/strong><\/p><\/div>\n<p style=\"text-align: justify\">I giallorossi intanto, nel pomeriggio di ieri, si sono ritrovati al &#8220;Giovanni Celeste&#8221; e sempre in Via Oreto sosteranno la rifinitura di oggi pomeriggio. Le buone notizie non mancano, visto che dopo oltre 20 giorni di inattivit\u00e0 sono tornati in gruppo Lucas Dambros, Facundo Coria e Joao Da Silva, che nelle ultime settimane hanno fatto i conti con il COVID-19.<\/p>\n<p style=\"text-align: justify\">Tamponi negativi e procedura di <em>&#8220;return to play&#8221;<\/em> \u00a0(tac polmonare, ecocardiogramma da sforzo, spirometria) completata per i tre calciatori. Migliora anche il quadro clinico di mister Pino Rigoli.<\/p>\n<p style=\"text-align: justify\">L&#8217;entusiasmo sembra essere tornato nel FC Messina che, gi\u00e0 dalla gara di domani, prover\u00e0 ad attaccare la vetta della classifica.<\/p>\n","protected":false},"excerpt":{"rendered":"<p>FC Messina: gruppo al completo in attesa del Marina di Ragusa. I giallorossi riaccolgono in squadra Dambros, Coria e Da Silva. Migliorano le condizioni di salute di mister Rigoli Il Football Club Messina, reduce dal successo di misura ottenuto domenica tra le mura amiche ai danni del Patern\u00f2, non si ferma e gi\u00e0 da domani [&hellip;]<\/p>\n","protected":false},"author":17,"featured_media":52851,"comment_status":"closed","ping_status":"closed","sticky":false,"template":"","format":"standard","meta":{"ub_ctt_via":"","_mi_skip_tracking":false},"categories":[10,9],"tags":[524,26],"featured_image_src":"https:\/\/www.messinaoggi.it\/website\/wp-content\/uploads\/2021\/02\/facundo-coria-1.jpg","author_info":{"display_name":"Giuseppe Luppino","author_link":"https:\/\/www.messinaoggi.it\/website\/author\/g-luppino\/"},"digistream_id":0,"digistream":false,"_links":{"self":[{"href":"https:\/\/www.messinaoggi.it\/website\/wp-json\/wp\/v2\/posts\/52849"}],"collection":[{"href":"https:\/\/www.messinaoggi.it\/website\/wp-json\/wp\/v2\/posts"}],"about":[{"href":"https:\/\/www.messinaoggi.it\/website\/wp-json\/wp\/v2\/types\/post"}],"author":[{"embeddable":true,"href":"https:\/\/www.messinaoggi.it\/website\/wp-json\/wp\/v2\/users\/17"}],"replies":[{"embeddable":true,"href":"https:\/\/www.messinaoggi.it\/website\/wp-json\/wp\/v2\/comments?post=52849"}],"version-history":[{"count":0,"href":"https:\/\/www.messinaoggi.it\/website\/wp-json\/wp\/v2\/posts\/52849\/revisions"}],"wp:featuredmedia":[{"embeddable":true,"href":"https:\/\/www.messinaoggi.it\/website\/wp-json\/wp\/v2\/media\/52851"}],"wp:attachment":[{"href":"https:\/\/www.messinaoggi.it\/website\/wp-json\/wp\/v2\/media?parent=52849"}],"wp:term":[{"taxonomy":"category","embeddable":true,"href":"https:\/\/www.messinaoggi.it\/website\/wp-json\/wp\/v2\/categories?post=52849"},{"taxonomy":"post_tag","embeddable":true,"href":"https:\/\/www.messinaoggi.it\/website\/wp-json\/wp\/v2\/tags?post=52849"}],"curies":[{"name":"wp","href":"https:\/\/api.w.org\/{rel}","templated":true}]}}