{"id":52798,"date":"2021-02-08T15:56:34","date_gmt":"2021-02-08T14:56:34","guid":{"rendered":"https:\/\/www.messinaoggi.it\/website\/?p=52798"},"modified":"2021-02-08T15:56:34","modified_gmt":"2021-02-08T14:56:34","slug":"chiusura-varchi-sul-viale-europa-i-dubbi-della-commissione-viabilita","status":"publish","type":"post","link":"https:\/\/www.messinaoggi.it\/website\/2021\/02\/08\/chiusura-varchi-sul-viale-europa-i-dubbi-della-commissione-viabilita\/","title":{"rendered":"Chiusura varchi sul viale Europa, i dubbi della commissione Viabilit\u00e0"},"content":{"rendered":"<div class=\"col-12 mb-5 mt-2\" style=\"box-sizing: border-box; position: relative; width: 777.328px; padding-right: 6px; padding-left: 6px; -webkit-box-flex: 0; flex: 0 0 100%; max-width: 100%; margin-top: 8px !important; margin-bottom: 48px !important; color: #19191a; font-family: Titillium Web, Geneva, Tahoma, sans-serif; font-size: 18px; font-style: normal; font-variant-ligatures: normal; font-variant-caps: normal; font-weight: 300; letter-spacing: normal; orphans: 2; text-align: left; text-indent: 0px; text-transform: none; white-space: normal; widows: 2; word-spacing: 0px; -webkit-text-stroke-width: 0px; background-color: #ffffff; text-decoration-thickness: initial; text-decoration-style: initial; text-decoration-color: initial;\">\n<p style=\"box-sizing: border-box; margin: 0px; font-weight: 500 !important;\">La commissione Viabilit\u00e0 ha discusso le problematiche legate alle modifiche viarie, gi\u00e0 avvenute, in via Catania e strade limitrofe e quelle di prossima adozione sul viale Europa con la chiusura dei varchi. Presenti alla seduta il dirigente del Dipartimento Servizi territoriali ed urbanistici Antonio Cardia, il responsabile del servizio Viabilit\u00e0 Bruno Bringheli e il presidente della III Municipalit\u00e0 Natale Cuc\u00e8.<div id=\"div-gpt-ad-Messinaoggi.it-DSK-300x250-corpoart\" style=\"text-align:center;margin:0 auto;\"><\/div><\/p>\n<p style=\"box-sizing: border-box; margin: 0px; font-weight: 500 !important;\">\u201cEntrambi i provvedimenti viari si sono resi necessari, secondo il Dipartimento, per l\u2019elevato tasso di incidentalit\u00e0. La Commissione \u2013 prosegue il presidente \u2013 ha formalizzato all\u2019unanimit\u00e0 la proposta di modificare in via Sardegna il senso di marcia, riportandolo a doppio senso, con conseguente inversione dell\u2019attuale senso di marcia in via Palmara.<div id=\"videoincontent\" style=\"clear:both\";><\/div><\/p>\n<p style=\"box-sizing: border-box; margin: 0px; font-weight: 500 !important;\">Riguardo la prossima chiusura dei varchi sul viale Europa \u2013 conclude Gioveni \u2013 la Commissione, pur consapevole che il provvedimento \u00e8 frutto anche del piano parcheggi gi\u00e0 finanziato e previsto nella zona, ha espresso dei dubbi, perch\u00e9 si teme un incremento del flusso veicolare nella rotatoria Zaera e possibili ostacoli o rallentamenti per l\u2019ingresso delle ambulanze al pronto soccorso dell\u2019ospedale Piemonte-Neurolesi\u201d.<\/p>\n<\/div>\n<div class=\"container\" style=\"box-sizing: border-box; width: 777.328px; padding-right: 6px; padding-left: 6px; margin-right: auto; margin-left: auto; max-width: 1184px; color: #19191a; font-family: Titillium Web, Geneva, Tahoma, sans-serif; font-size: 18px; font-style: normal; font-variant-ligatures: normal; font-variant-caps: normal; font-weight: 300; letter-spacing: normal; orphans: 2; text-align: left; text-indent: 0px; text-transform: none; white-space: normal; widows: 2; word-spacing: 0px; -webkit-text-stroke-width: 0px; background-color: #ffffff; text-decoration-thickness: initial; text-decoration-style: initial; text-decoration-color: initial;\">\n<div class=\"row\" style=\"box-sizing: border-box; display: flex; flex-wrap: wrap; margin-right: -6px; margin-left: -6px;\">\n<div class=\"col-12\" style=\"box-sizing: border-box; position: relative; width: 777.328px; padding-right: 6px; padding-left: 6px; -webkit-box-flex: 0; flex: 0 0 100%; max-width: 100%;\">\n<div class=\"dkpdf-button-container\" style=\"box-sizing: border-box; width: 765.328px; float: left; padding-top: 20px; padding-bottom: 40px; text-align: right;\"><\/div>\n<\/div>\n<\/div>\n<\/div>\n","protected":false},"excerpt":{"rendered":"<p>La commissione Viabilit\u00e0 ha discusso le problematiche legate alle modifiche viarie, gi\u00e0 avvenute, in via Catania e strade limitrofe e quelle di prossima adozione sul viale Europa con la chiusura dei varchi. Presenti alla seduta il dirigente del Dipartimento Servizi territoriali ed urbanistici Antonio Cardia, il responsabile del servizio Viabilit\u00e0 Bruno Bringheli e il presidente [&hellip;]<\/p>\n","protected":false},"author":4,"featured_media":29728,"comment_status":"closed","ping_status":"closed","sticky":false,"template":"","format":"standard","meta":{"ub_ctt_via":"","_mi_skip_tracking":false},"categories":[5],"tags":[],"featured_image_src":"https:\/\/www.messinaoggi.it\/website\/wp-content\/uploads\/2019\/02\/polizia-viale-europa.jpg","author_info":{"display_name":"redme","author_link":"https:\/\/www.messinaoggi.it\/website\/author\/redme\/"},"digistream_id":0,"digistream":false,"_links":{"self":[{"href":"https:\/\/www.messinaoggi.it\/website\/wp-json\/wp\/v2\/posts\/52798"}],"collection":[{"href":"https:\/\/www.messinaoggi.it\/website\/wp-json\/wp\/v2\/posts"}],"about":[{"href":"https:\/\/www.messinaoggi.it\/website\/wp-json\/wp\/v2\/types\/post"}],"author":[{"embeddable":true,"href":"https:\/\/www.messinaoggi.it\/website\/wp-json\/wp\/v2\/users\/4"}],"replies":[{"embeddable":true,"href":"https:\/\/www.messinaoggi.it\/website\/wp-json\/wp\/v2\/comments?post=52798"}],"version-history":[{"count":0,"href":"https:\/\/www.messinaoggi.it\/website\/wp-json\/wp\/v2\/posts\/52798\/revisions"}],"wp:featuredmedia":[{"embeddable":true,"href":"https:\/\/www.messinaoggi.it\/website\/wp-json\/wp\/v2\/media\/29728"}],"wp:attachment":[{"href":"https:\/\/www.messinaoggi.it\/website\/wp-json\/wp\/v2\/media?parent=52798"}],"wp:term":[{"taxonomy":"category","embeddable":true,"href":"https:\/\/www.messinaoggi.it\/website\/wp-json\/wp\/v2\/categories?post=52798"},{"taxonomy":"post_tag","embeddable":true,"href":"https:\/\/www.messinaoggi.it\/website\/wp-json\/wp\/v2\/tags?post=52798"}],"curies":[{"name":"wp","href":"https:\/\/api.w.org\/{rel}","templated":true}]}}